{"id":55039,"date":"2023-12-23T11:48:56","date_gmt":"2023-12-23T14:48:56","guid":{"rendered":"https:\/\/pinews.com.br\/?p=55039"},"modified":"2023-12-23T11:48:57","modified_gmt":"2023-12-23T14:48:57","slug":"trabalhador-morre-apos-sofrer-descarga-eletrica-em-obra-de-condominio-de-luxo-no-piaui","status":"publish","type":"post","link":"https:\/\/pinews.com.br\/index.php\/2023\/12\/23\/trabalhador-morre-apos-sofrer-descarga-eletrica-em-obra-de-condominio-de-luxo-no-piaui\/","title":{"rendered":"Trabalhador morre ap\u00f3s sofrer descarga el\u00e9trica em obra de condom\u00ednio de luxo no Piau\u00ed"},"content":{"rendered":"\n<p>Na tarde desta sexta-feira (22\/12), uma trag\u00e9dia ocorreu na obra do condom\u00ednio Aldebaran Ville, situado no bairro Tabajaras, na Zona Leste de Teresina, resultando na morte do trabalhador Oziel Silva. O incidente foi comunicado \u00e0 Pol\u00edcia Militar pela portaria do local, informando que um dos pedreiros, que estava em uma das constru\u00e7\u00f5es, sofreu uma descarga el\u00e9trica e ficou desacordado no teto da resid\u00eancia em constru\u00e7\u00e3o.<\/p>\n\n\n\n<p>O Corpo de Bombeiros foi mobilizado para realizar o socorro e resgate da v\u00edtima. Infelizmente, Oziel Silva n\u00e3o resistiu e veio a \u00f3bito. A Pol\u00edcia Civil compareceu ao local para conduzir os levantamentos necess\u00e1rios, em conjunto com a per\u00edcia, a fim de esclarecer as circunst\u00e2ncias do acidente de trabalho que resultou na fatalidade.<\/p>\n\n\n\n<p>O corpo de Oziel Silva foi retirado do teto e posteriormente removido pelo Instituto M\u00e9dico Legal (IML) para procedimentos adicionais. <\/p>\n\n\n\n<p><strong>Fonte: 180 graus <\/strong><\/p>\n","protected":false},"excerpt":{"rendered":"<p>Na tarde desta sexta-feira (22\/12), uma trag\u00e9dia ocorreu na obra do condom\u00ednio Aldebaran Ville, situado no bairro Tabajaras, na Zona Leste de Teresina, resultando na morte do trabalhador Oziel Silva. O incidente foi comunicado \u00e0 Pol\u00edcia Militar pela portaria do local, informando que um dos pedreiros, que estava em uma das constru\u00e7\u00f5es, sofreu uma descarga [&hellip;]<\/p>\n","protected":false},"author":4,"featured_media":55040,"comment_status":"open","ping_status":"open","sticky":false,"template":"","format":"standard","meta":{"beyondwords_generate_audio":"1","beyondwords_project_id":"","beyondwords_podcast_id":"","beyondwords_hash":"","beyondwords_error_message":"","beyondwords_disabled":"","publish_post_to_speechkit":"","speechkit_generate_audio":"","speechkit_project_id":"","speechkit_podcast_id":"","speechkit_hash":"","speechkit_error_message":"","speechkit_disabled":"","speechkit_access_key":"","speechkit_error":"","speechkit_info":"","speechkit_response":"","speechkit_retries":"","_speechkit_link":"","_speechkit_text":""},"categories":[51,81],"tags":[70,150,44,564,565,46,3028,119,2022,52,354,6815],"jetpack_featured_media_url":"https:\/\/pinews.com.br\/wp-content\/uploads\/2023\/12\/the-trabalhador-morre-apos-sofrer-descarga-eletrica-em-obra_-1198288470691461261.jpg.696x0_q85_upscale.jpg","_links":{"self":[{"href":"https:\/\/pinews.com.br\/index.php\/wp-json\/wp\/v2\/posts\/55039"}],"collection":[{"href":"https:\/\/pinews.com.br\/index.php\/wp-json\/wp\/v2\/posts"}],"about":[{"href":"https:\/\/pinews.com.br\/index.php\/wp-json\/wp\/v2\/types\/post"}],"author":[{"embeddable":true,"href":"https:\/\/pinews.com.br\/index.php\/wp-json\/wp\/v2\/users\/4"}],"replies":[{"embeddable":true,"href":"https:\/\/pinews.com.br\/index.php\/wp-json\/wp\/v2\/comments?post=55039"}],"version-history":[{"count":1,"href":"https:\/\/pinews.com.br\/index.php\/wp-json\/wp\/v2\/posts\/55039\/revisions"}],"predecessor-version":[{"id":55041,"href":"https:\/\/pinews.com.br\/index.php\/wp-json\/wp\/v2\/posts\/55039\/revisions\/55041"}],"wp:featuredmedia":[{"embeddable":true,"href":"https:\/\/pinews.com.br\/index.php\/wp-json\/wp\/v2\/media\/55040"}],"wp:attachment":[{"href":"https:\/\/pinews.com.br\/index.php\/wp-json\/wp\/v2\/media?parent=55039"}],"wp:term":[{"taxonomy":"category","embeddable":true,"href":"https:\/\/pinews.com.br\/index.php\/wp-json\/wp\/v2\/categories?post=55039"},{"taxonomy":"post_tag","embeddable":true,"href":"https:\/\/pinews.com.br\/index.php\/wp-json\/wp\/v2\/tags?post=55039"}],"curies":[{"name":"wp","href":"https:\/\/api.w.org\/{rel}","templated":true}]}}