{"id":55092,"date":"2023-12-27T11:37:58","date_gmt":"2023-12-27T14:37:58","guid":{"rendered":"https:\/\/pinews.com.br\/?p=55092"},"modified":"2023-12-27T11:38:00","modified_gmt":"2023-12-27T14:38:00","slug":"morte-de-jovem-de-29-anos-comove-populacao-de-picos","status":"publish","type":"post","link":"https:\/\/pinews.com.br\/index.php\/2023\/12\/27\/morte-de-jovem-de-29-anos-comove-populacao-de-picos\/","title":{"rendered":"Morte de jovem de 29 anos comove popula\u00e7\u00e3o de Picos"},"content":{"rendered":"\n<p>O falecimento da jovem picoense e Bacharel em Direito, Fernanda Ara\u00fajo de Carvalho, 29 anos, comoveu a popula\u00e7\u00e3o de Picos. Fernanda teve a morte confirmada na noite desta ter\u00e7a-feira (26) na Capital Teresina.<\/p>\n\n\n\n<p>Segundo informa\u00e7\u00f5es apuradas pelo&nbsp;Cidadeverde.com\/picos,&nbsp;a jovem deu entrada no Hospital Regional Justino Luz na noite de ter\u00e7a (19 de dezembro) com sintomas de um severo acidente vascular cerebral.&nbsp;<\/p>\n\n\n\n<p>Em raz\u00e3o da complica\u00e7\u00e3o do seu estado de sa\u00fade, na quarta-feira (20) Fernanda foi encaminhada para o Hospital S\u00e3o Marcos, na Capital Teresina, onde passou a receber assist\u00eancia m\u00e9dica.<\/p>\n\n\n\n<p>Diante da gravidade do quadro, amigos e familiares passaram a realizar correntes de ora\u00e7\u00e3o pela recupera\u00e7\u00e3o da jovem. Centenas de pessoas se mobilizaram pela f\u00e9. No entanto, na noite de ontem, o Hospital confirmou a morte de Fernanda Ara\u00fajo, que comoveu a popula\u00e7\u00e3o de Picos. Diversas manifesta\u00e7\u00f5es de pesar foram compartilhadas nas redes sociais virtuais.<\/p>\n\n\n\n<p><strong>Doa\u00e7\u00e3o de \u00f3rg\u00e3os e vel\u00f3rio<\/strong><\/p>\n\n\n\n<p>Ap\u00f3s ter a morte confirmada, a fam\u00edlia de Fernanda Ara\u00fajo de Carvalho escolheu salvar mais vidas, optando pela doa\u00e7\u00e3o de \u00f3rg\u00e3os.<\/p>\n\n\n\n<p>O corpo da jovem picoense est\u00e1 previsto para ser velado nesta quarta-feira (27), no sal\u00e3o PAF Vida, localizado na Rua do Cruzeiro, centro de Picos.<\/p>\n\n\n\n<p>Fernanda Ara\u00fajo de Carvalho era esposa do advogado Mois\u00e9s Rodrigues de Moura J\u00fanior, assessor da gest\u00e3o municipal de Itainop\u00f3lis. A mesma deixa uma filha de 3 anos.\u00a0<\/p>\n\n\n\n<p><strong>Fonte: Paula Monize\/ Cidade Verde <\/strong><\/p>\n","protected":false},"excerpt":{"rendered":"<p>O falecimento da jovem picoense e Bacharel em Direito, Fernanda Ara\u00fajo de Carvalho, 29 anos, comoveu a popula\u00e7\u00e3o de Picos. Fernanda teve a morte confirmada na noite desta ter\u00e7a-feira (26) na Capital Teresina. Segundo informa\u00e7\u00f5es apuradas pelo&nbsp;Cidadeverde.com\/picos,&nbsp;a jovem deu entrada no Hospital Regional Justino Luz na noite de ter\u00e7a (19 de dezembro) com sintomas de [&hellip;]<\/p>\n","protected":false},"author":4,"featured_media":55093,"comment_status":"open","ping_status":"open","sticky":false,"template":"","format":"standard","meta":{"beyondwords_generate_audio":"1","beyondwords_project_id":"","beyondwords_podcast_id":"","beyondwords_hash":"","beyondwords_error_message":"","beyondwords_disabled":"","publish_post_to_speechkit":"","speechkit_generate_audio":"","speechkit_project_id":"","speechkit_podcast_id":"","speechkit_hash":"","speechkit_error_message":"","speechkit_disabled":"","speechkit_access_key":"","speechkit_error":"","speechkit_info":"","speechkit_response":"","speechkit_retries":"","_speechkit_link":"","_speechkit_text":""},"categories":[51,126],"tags":[5486,82,524,44,266,223,125,1914],"jetpack_featured_media_url":"https:\/\/pinews.com.br\/wp-content\/uploads\/2023\/12\/7d5ff10596e120beb418538ddf38c410.jpeg","_links":{"self":[{"href":"https:\/\/pinews.com.br\/index.php\/wp-json\/wp\/v2\/posts\/55092"}],"collection":[{"href":"https:\/\/pinews.com.br\/index.php\/wp-json\/wp\/v2\/posts"}],"about":[{"href":"https:\/\/pinews.com.br\/index.php\/wp-json\/wp\/v2\/types\/post"}],"author":[{"embeddable":true,"href":"https:\/\/pinews.com.br\/index.php\/wp-json\/wp\/v2\/users\/4"}],"replies":[{"embeddable":true,"href":"https:\/\/pinews.com.br\/index.php\/wp-json\/wp\/v2\/comments?post=55092"}],"version-history":[{"count":1,"href":"https:\/\/pinews.com.br\/index.php\/wp-json\/wp\/v2\/posts\/55092\/revisions"}],"predecessor-version":[{"id":55094,"href":"https:\/\/pinews.com.br\/index.php\/wp-json\/wp\/v2\/posts\/55092\/revisions\/55094"}],"wp:featuredmedia":[{"embeddable":true,"href":"https:\/\/pinews.com.br\/index.php\/wp-json\/wp\/v2\/media\/55093"}],"wp:attachment":[{"href":"https:\/\/pinews.com.br\/index.php\/wp-json\/wp\/v2\/media?parent=55092"}],"wp:term":[{"taxonomy":"category","embeddable":true,"href":"https:\/\/pinews.com.br\/index.php\/wp-json\/wp\/v2\/categories?post=55092"},{"taxonomy":"post_tag","embeddable":true,"href":"https:\/\/pinews.com.br\/index.php\/wp-json\/wp\/v2\/tags?post=55092"}],"curies":[{"name":"wp","href":"https:\/\/api.w.org\/{rel}","templated":true}]}}