{"id":55120,"date":"2023-12-29T18:14:52","date_gmt":"2023-12-29T21:14:52","guid":{"rendered":"https:\/\/pinews.com.br\/?p=55120"},"modified":"2023-12-29T18:14:54","modified_gmt":"2023-12-29T21:14:54","slug":"jovem-e-preso-em-sao-paulo-por-suspeita-de-homicidio-de-morador-de-rua-no-piaui","status":"publish","type":"post","link":"https:\/\/pinews.com.br\/index.php\/2023\/12\/29\/jovem-e-preso-em-sao-paulo-por-suspeita-de-homicidio-de-morador-de-rua-no-piaui\/","title":{"rendered":"Jovem \u00e9 preso em S\u00e3o Paulo por suspeita de homic\u00eddio de morador de rua no Piau\u00ed"},"content":{"rendered":"\n<p>Um jovem de 24 anos, conhecido apenas pelas iniciais M. M. A., foi detido pela Pol\u00edcia Civil em S\u00e3o Paulo, na cidade de Mar\u00edlia, sob suspeita de ser o respons\u00e1vel pelo homic\u00eddio de um homem em situa\u00e7\u00e3o de rua identificado como Francisco das Chagas Carvalho Almeida, em Teresina. O crime ocorreu no dia 2 de outubro deste ano.<\/p>\n\n\n\n<p>Segundo o coordenador do DHPP, delegado Bar\u00eatta, o indiv\u00edduo foi capturado por suposto envolvimento na morte da v\u00edtima, que foi atacada com um golpe de arma branca no pesco\u00e7o, na pra\u00e7a situada na interse\u00e7\u00e3o da Avenida Jockey Clube com a Avenida Nossa Senhora de F\u00e1tima, no bairro Jockey, zona leste da capital.<\/p>\n\n\n\n<p>O delegado explicou que o autor do crime teria suspeitado que Francisco havia roubado seu celular no dia anterior. A v\u00edtima foi encontrada sem vida na manh\u00e3 seguinte.<\/p>\n\n\n\n<p>&#8220;Com base nas informa\u00e7\u00f5es obtidas, o detido teria assassinado o morador de rua por acreditar que a v\u00edtima havia roubado seu celular no dia anterior, nas proximidades da Ponte Estaiada, tamb\u00e9m localizada em Teresina&#8221;, acrescentou o delegado.<\/p>\n\n\n\n<p><strong>Fonte: 180 graus<\/strong><\/p>\n","protected":false},"excerpt":{"rendered":"<p>Um jovem de 24 anos, conhecido apenas pelas iniciais M. M. A., foi detido pela Pol\u00edcia Civil em S\u00e3o Paulo, na cidade de Mar\u00edlia, sob suspeita de ser o respons\u00e1vel pelo homic\u00eddio de um homem em situa\u00e7\u00e3o de rua identificado como Francisco das Chagas Carvalho Almeida, em Teresina. O crime ocorreu no dia 2 de [&hellip;]<\/p>\n","protected":false},"author":4,"featured_media":55121,"comment_status":"open","ping_status":"open","sticky":false,"template":"","format":"standard","meta":{"beyondwords_generate_audio":"1","beyondwords_project_id":"","beyondwords_podcast_id":"","beyondwords_hash":"","beyondwords_error_message":"","beyondwords_disabled":"","publish_post_to_speechkit":"","speechkit_generate_audio":"","speechkit_project_id":"","speechkit_podcast_id":"","speechkit_hash":"","speechkit_error_message":"","speechkit_disabled":"","speechkit_access_key":"","speechkit_error":"","speechkit_info":"","speechkit_response":"","speechkit_retries":"","_speechkit_link":"","_speechkit_text":""},"categories":[134,51,78],"tags":[44,72,46,162,266,578,742,52,59,79,846,362,473],"jetpack_featured_media_url":"https:\/\/pinews.com.br\/wp-content\/uploads\/2023\/12\/27_-4108484060429242786_4622109339339132249.jpeg","_links":{"self":[{"href":"https:\/\/pinews.com.br\/index.php\/wp-json\/wp\/v2\/posts\/55120"}],"collection":[{"href":"https:\/\/pinews.com.br\/index.php\/wp-json\/wp\/v2\/posts"}],"about":[{"href":"https:\/\/pinews.com.br\/index.php\/wp-json\/wp\/v2\/types\/post"}],"author":[{"embeddable":true,"href":"https:\/\/pinews.com.br\/index.php\/wp-json\/wp\/v2\/users\/4"}],"replies":[{"embeddable":true,"href":"https:\/\/pinews.com.br\/index.php\/wp-json\/wp\/v2\/comments?post=55120"}],"version-history":[{"count":1,"href":"https:\/\/pinews.com.br\/index.php\/wp-json\/wp\/v2\/posts\/55120\/revisions"}],"predecessor-version":[{"id":55122,"href":"https:\/\/pinews.com.br\/index.php\/wp-json\/wp\/v2\/posts\/55120\/revisions\/55122"}],"wp:featuredmedia":[{"embeddable":true,"href":"https:\/\/pinews.com.br\/index.php\/wp-json\/wp\/v2\/media\/55121"}],"wp:attachment":[{"href":"https:\/\/pinews.com.br\/index.php\/wp-json\/wp\/v2\/media?parent=55120"}],"wp:term":[{"taxonomy":"category","embeddable":true,"href":"https:\/\/pinews.com.br\/index.php\/wp-json\/wp\/v2\/categories?post=55120"},{"taxonomy":"post_tag","embeddable":true,"href":"https:\/\/pinews.com.br\/index.php\/wp-json\/wp\/v2\/tags?post=55120"}],"curies":[{"name":"wp","href":"https:\/\/api.w.org\/{rel}","templated":true}]}}