{"id":55337,"date":"2024-01-12T18:41:18","date_gmt":"2024-01-12T21:41:18","guid":{"rendered":"https:\/\/pinews.com.br\/?p=55337"},"modified":"2024-01-12T18:41:20","modified_gmt":"2024-01-12T21:41:20","slug":"policia-prende-funcionario-de-locadora-no-piaui-suspeito-de-furtar-veiculos-e-causar-prejuizo-de-r-1-milhao","status":"publish","type":"post","link":"https:\/\/pinews.com.br\/index.php\/2024\/01\/12\/policia-prende-funcionario-de-locadora-no-piaui-suspeito-de-furtar-veiculos-e-causar-prejuizo-de-r-1-milhao\/","title":{"rendered":"Pol\u00edcia prende funcion\u00e1rio de locadora no Piau\u00ed suspeito de furtar ve\u00edculos e causar preju\u00edzo de R$ 1 milh\u00e3o"},"content":{"rendered":"\n<p>A Pol\u00edcia Civil do Piau\u00ed (PC-PI) prendeu, nesta sexta-feira (12), o funcion\u00e1rio de uma de locadora de ve\u00edculos de Teresina suspeito de furtar oito ve\u00edculos da empresa. A estimativa \u00e9 que o crime tenha causado um preju\u00edzo de aproximadamente R$ 1 milh\u00e3o.&nbsp;<\/p>\n\n\n\n<p>\u201cEle trabalhava nessa locadora de ve\u00edculos, que \u00e9 uma empresa muito grande com lojas em todo o pa\u00eds. Com a confian\u00e7a da empresa, ele levava os carros para lavar e n\u00e3o devolvia\u201d, informou o delegado Marcelo Dias, do Departamento de Roubo e Furto de Ve\u00edculos (DRFV).<\/p>\n\n\n\n<p>O caso foi denunciado pelo gerente da empresa e desde ent\u00e3o vinha sendo investigado pela equipe do DRFV, que em outubro do ano passado j\u00e1 havia efetuado a pris\u00e3o de outras duas pessoas suspeitas de tamb\u00e9m fazer parte do esquema criminoso<\/p>\n\n\n\n<p>\u201cEssa primeira fase da investiga\u00e7\u00e3o foi conclu\u00edda e todos foram indiciados por furto qualificado e organiza\u00e7\u00e3o criminosa. Agora vamos localizar quem s\u00e3o os receptadores, quem estava recebendo esses ve\u00edculos\u201d, concluiu o delegado.<\/p>\n\n\n\n<p><strong>Fonte: Cidade Verde <\/strong><\/p>\n","protected":false},"excerpt":{"rendered":"<p>A Pol\u00edcia Civil do Piau\u00ed (PC-PI) prendeu, nesta sexta-feira (12), o funcion\u00e1rio de uma de locadora de ve\u00edculos de Teresina suspeito de furtar oito ve\u00edculos da empresa. A estimativa \u00e9 que o crime tenha causado um preju\u00edzo de aproximadamente R$ 1 milh\u00e3o.&nbsp; \u201cEle trabalhava nessa locadora de ve\u00edculos, que \u00e9 uma empresa muito grande com [&hellip;]<\/p>\n","protected":false},"author":1,"featured_media":55338,"comment_status":"open","ping_status":"open","sticky":false,"template":"","format":"standard","meta":{"beyondwords_generate_audio":"1","beyondwords_project_id":"","beyondwords_podcast_id":"","beyondwords_hash":"","beyondwords_error_message":"","beyondwords_disabled":"","publish_post_to_speechkit":"","speechkit_generate_audio":"","speechkit_project_id":"","speechkit_podcast_id":"","speechkit_hash":"","speechkit_error_message":"","speechkit_disabled":"","speechkit_access_key":"","speechkit_error":"","speechkit_info":"","speechkit_response":"","speechkit_retries":"","_speechkit_link":"","_speechkit_text":""},"categories":[51,78,81],"tags":[7182,44,74,75,332,77,52,466,375,112,130,550],"jetpack_featured_media_url":"https:\/\/pinews.com.br\/wp-content\/uploads\/2024\/01\/314471a351e6c9cd1e564abc79fdffa1.jpg","_links":{"self":[{"href":"https:\/\/pinews.com.br\/index.php\/wp-json\/wp\/v2\/posts\/55337"}],"collection":[{"href":"https:\/\/pinews.com.br\/index.php\/wp-json\/wp\/v2\/posts"}],"about":[{"href":"https:\/\/pinews.com.br\/index.php\/wp-json\/wp\/v2\/types\/post"}],"author":[{"embeddable":true,"href":"https:\/\/pinews.com.br\/index.php\/wp-json\/wp\/v2\/users\/1"}],"replies":[{"embeddable":true,"href":"https:\/\/pinews.com.br\/index.php\/wp-json\/wp\/v2\/comments?post=55337"}],"version-history":[{"count":1,"href":"https:\/\/pinews.com.br\/index.php\/wp-json\/wp\/v2\/posts\/55337\/revisions"}],"predecessor-version":[{"id":55339,"href":"https:\/\/pinews.com.br\/index.php\/wp-json\/wp\/v2\/posts\/55337\/revisions\/55339"}],"wp:featuredmedia":[{"embeddable":true,"href":"https:\/\/pinews.com.br\/index.php\/wp-json\/wp\/v2\/media\/55338"}],"wp:attachment":[{"href":"https:\/\/pinews.com.br\/index.php\/wp-json\/wp\/v2\/media?parent=55337"}],"wp:term":[{"taxonomy":"category","embeddable":true,"href":"https:\/\/pinews.com.br\/index.php\/wp-json\/wp\/v2\/categories?post=55337"},{"taxonomy":"post_tag","embeddable":true,"href":"https:\/\/pinews.com.br\/index.php\/wp-json\/wp\/v2\/tags?post=55337"}],"curies":[{"name":"wp","href":"https:\/\/api.w.org\/{rel}","templated":true}]}}