{"id":55352,"date":"2024-01-13T21:07:54","date_gmt":"2024-01-14T00:07:54","guid":{"rendered":"https:\/\/pinews.com.br\/?p=55352"},"modified":"2024-01-13T21:07:56","modified_gmt":"2024-01-14T00:07:56","slug":"idoso-morre-ao-tocar-em-fio-de-alta-tensao-que-estava-caido-no-norte-do-piaui","status":"publish","type":"post","link":"https:\/\/pinews.com.br\/index.php\/2024\/01\/13\/idoso-morre-ao-tocar-em-fio-de-alta-tensao-que-estava-caido-no-norte-do-piaui\/","title":{"rendered":"Idoso morre ao tocar em fio de alta tens\u00e3o que estava ca\u00eddo no Norte do Piau\u00ed"},"content":{"rendered":"\n<p>Um idoso de 60 anos morreu eletrocutado no final da manh\u00e3 deste s\u00e1bado (13\/01), no povoado Alto da Cruz, em Bom Princ\u00edpio do Piau\u00ed. Ele tocou em um fio de alta tens\u00e3o que estava ca\u00eddo.<\/p>\n\n\n\n<p>Em nota enviada ao 180, a Equatorial Piau\u00ed informou que equipes da distribuidora foram deslocadas ao local para isolamento da rede e apoio \u00e0s autoridades. A empresa est\u00e1 averiguando as causas do epis\u00f3dio. <\/p>\n\n\n\n<p>O 2\u00ba Batalh\u00e3o de Pol\u00edcia Militar foi acionado para o local da ocorr\u00eancia.<\/p>\n\n\n\n<p><strong>Veja na \u00edntegra:<\/strong><\/p>\n\n\n\n<p><em>Nota de Esclarecimento<\/em><\/p>\n\n\n\n<p><em>A Equatorial Piau\u00ed informa que tomou conhecimento de um acidente com v\u00edtima fatal envolvendo a rede el\u00e9trica ap\u00f3s o registro de uma ocorr\u00eancia no final da manh\u00e3 deste s\u00e1bado (13), no munic\u00edpio de Bom Princ\u00edpio do Piau\u00ed, regi\u00e3o norte do estado.&nbsp;<\/em><\/p>\n\n\n\n<p><em>Equipes da distribuidora foram deslocadas ao local para isolamento da rede e apoio \u00e0s autoridades. A empresa est\u00e1 averiguando as causas do epis\u00f3dio.&nbsp;<\/em><\/p>\n\n\n\n<p><em>A Equatorial lamenta o ocorrido e informa que est\u00e1 em contato com familiares da v\u00edtima para prestar o suporte necess\u00e1rio.<\/em><\/p>\n\n\n\n<p><strong>Fonte: 180 graus<\/strong><\/p>\n","protected":false},"excerpt":{"rendered":"<p>Um idoso de 60 anos morreu eletrocutado no final da manh\u00e3 deste s\u00e1bado (13\/01), no povoado Alto da Cruz, em Bom Princ\u00edpio do Piau\u00ed. Ele tocou em um fio de alta tens\u00e3o que estava ca\u00eddo. Em nota enviada ao 180, a Equatorial Piau\u00ed informou que equipes da distribuidora foram deslocadas ao local para isolamento da [&hellip;]<\/p>\n","protected":false},"author":1,"featured_media":55353,"comment_status":"open","ping_status":"open","sticky":false,"template":"","format":"standard","meta":{"beyondwords_generate_audio":"1","beyondwords_project_id":"","beyondwords_podcast_id":"","beyondwords_hash":"","beyondwords_error_message":"","beyondwords_disabled":"","publish_post_to_speechkit":"","speechkit_generate_audio":"","speechkit_project_id":"","speechkit_podcast_id":"","speechkit_hash":"","speechkit_error_message":"","speechkit_disabled":"","speechkit_access_key":"","speechkit_error":"","speechkit_info":"","speechkit_response":"","speechkit_retries":"","_speechkit_link":"","_speechkit_text":""},"categories":[51],"tags":[286,132,10309,44,46,201,7138,64,119,337,52,291,7146],"jetpack_featured_media_url":"https:\/\/pinews.com.br\/wp-content\/uploads\/2024\/01\/pm-no-local-onde-idoso-morreu_1683397400506547242.png","_links":{"self":[{"href":"https:\/\/pinews.com.br\/index.php\/wp-json\/wp\/v2\/posts\/55352"}],"collection":[{"href":"https:\/\/pinews.com.br\/index.php\/wp-json\/wp\/v2\/posts"}],"about":[{"href":"https:\/\/pinews.com.br\/index.php\/wp-json\/wp\/v2\/types\/post"}],"author":[{"embeddable":true,"href":"https:\/\/pinews.com.br\/index.php\/wp-json\/wp\/v2\/users\/1"}],"replies":[{"embeddable":true,"href":"https:\/\/pinews.com.br\/index.php\/wp-json\/wp\/v2\/comments?post=55352"}],"version-history":[{"count":1,"href":"https:\/\/pinews.com.br\/index.php\/wp-json\/wp\/v2\/posts\/55352\/revisions"}],"predecessor-version":[{"id":55354,"href":"https:\/\/pinews.com.br\/index.php\/wp-json\/wp\/v2\/posts\/55352\/revisions\/55354"}],"wp:featuredmedia":[{"embeddable":true,"href":"https:\/\/pinews.com.br\/index.php\/wp-json\/wp\/v2\/media\/55353"}],"wp:attachment":[{"href":"https:\/\/pinews.com.br\/index.php\/wp-json\/wp\/v2\/media?parent=55352"}],"wp:term":[{"taxonomy":"category","embeddable":true,"href":"https:\/\/pinews.com.br\/index.php\/wp-json\/wp\/v2\/categories?post=55352"},{"taxonomy":"post_tag","embeddable":true,"href":"https:\/\/pinews.com.br\/index.php\/wp-json\/wp\/v2\/tags?post=55352"}],"curies":[{"name":"wp","href":"https:\/\/api.w.org\/{rel}","templated":true}]}}