{"id":55811,"date":"2024-01-19T13:19:43","date_gmt":"2024-01-19T16:19:43","guid":{"rendered":"https:\/\/pinews.com.br\/?p=55811"},"modified":"2024-01-19T13:19:45","modified_gmt":"2024-01-19T16:19:45","slug":"menino-de-2-anos-comemora-aniversario-com-bolo-e-docinhos-de-areia-e-comove-internautas","status":"publish","type":"post","link":"https:\/\/pinews.com.br\/index.php\/2024\/01\/19\/menino-de-2-anos-comemora-aniversario-com-bolo-e-docinhos-de-areia-e-comove-internautas\/","title":{"rendered":"Menino de 2 anos comemora anivers\u00e1rio com bolo e docinhos de areia e comove internautas"},"content":{"rendered":"\n<p>Maxsuel Ferreira, de 2 anos, batia palmas feliz e cantava empolgado os parab\u00e9ns com seus amiguinhos no dia do seu anivers\u00e1rio, comemorado no s\u00e1bado (13), em\u00a0Barras, Norte do Piau\u00ed. A cena foi gravada em v\u00eddeo, publicada nas redes sociais e comoveu quem assistiu.<\/p>\n\n\n\n<p>Sem a m\u00e3e ter como fazer uma festinha,&nbsp;crian\u00e7as da vizinhan\u00e7a se uniram para fazer um bolo e docinhos de areia. O importante era n\u00e3o deixar de comemorar mais um ano de vida do menino.<\/p>\n\n\n\n<p>A m\u00e3e de Suel, como \u00e9 chamado o pequeno, \u00e9 Maria Lucineide Ferreira. Ela contou ao\u00a0g1\u00a0que quando os amiguinhos do filho souberam que era anivers\u00e1rio dele, fizeram quest\u00e3o de celebrar. Uma crian\u00e7a come\u00e7ou a enrolar os &#8220;docinhos&#8221; e outras se dedicaram a decorar o &#8220;bolo&#8221;.<\/p>\n\n\n\n<blockquote class=\"wp-block-quote\">\n<p>&#8220;Eu fiz fotos, v\u00eddeos, pra guardar de recorda\u00e7\u00e3o. Eu n\u00e3o tinha como comprar [um bolo], mas ele teve a festinha dele, teve o bolinho dele. Ainda que n\u00e3o fosse de verdade&#8221;, disse.<\/p>\n<\/blockquote>\n\n\n\n<p>Al\u00e9m do pequeno, Neide tem mais dois filhos: Nicole, de um m\u00eas, e Alexa, de quatro anos. Ela se separou do pai da filha mais nova h\u00e1 cerca de um ano e hoje vive sozinha com as crian\u00e7as em uma casa de apenas um c\u00f4modo, sem banheiro, no bairro Invas\u00e3o, na cidade de\u00a0Barras.<\/p>\n\n\n\n<p>Sem poder trabalhar, por estar com uma filha rec\u00e9m-nascida, a renda vem apenas de aux\u00edlios do governo federal. Ela dava aulas de refor\u00e7o antes de ter a filha mais nova e espera em breve voltar a trabalhar.<\/p>\n\n\n\n<figure class=\"wp-block-image\"><img decoding=\"async\" src=\"https:\/\/s2-g1.glbimg.com\/Gx1Jnxc9eT7b2t_YjWFQna8lAYw=\/0x0:1536x1536\/984x0\/smart\/filters:strip_icc()\/i.s3.glbimg.com\/v1\/AUTH_59edd422c0c84a879bd37670ae4f538a\/internal_photos\/bs\/2024\/k\/v\/jAaIzVQ0CiB2tQrrt7uw\/whatsapp-image-2024-01-19-at-07.59.22.jpeg\" alt=\"Fam\u00edlia vive em uma casa de apenas um c\u00f4modo, sem banheiro, no bairro Invas\u00e3o, na cidade de Barras. \u2014 Foto: Arquivo pessoal\"\/><figcaption class=\"wp-element-caption\">Fam\u00edlia vive em uma casa de apenas um c\u00f4modo, sem banheiro, no bairro Invas\u00e3o, na cidade de Barras. \u2014 Foto: Arquivo pessoal<\/figcaption><\/figure>\n\n\n\n<p>Neide disse que sonha em poder oferecer melhores condi\u00e7\u00f5es de vida aos filhos. Enquanto isso, precisa de forma mais urgente de material escolar para Suel e Alexa.<\/p>\n\n\n\n<blockquote class=\"wp-block-quote\">\n<p>&#8220;O sonho eu tenho de dar uma casa pra eles, as pessoas disseram que v\u00e3o me ajudar, estamos esperando. Mas eu queria muito tamb\u00e9m uma cama, guarda-roupa, para guardar as coisinhas deles. Hoje eu tenho o ber\u00e7o da beb\u00ea e um colch\u00e3o, muito velhinho. Mas queria que eles tivessem uma cama pra dormir&#8221;, contou a m\u00e3e.<\/p>\n<\/blockquote>\n\n\n\n<h2>Como\u00e7\u00e3o e mobiliza\u00e7\u00e3o<\/h2>\n\n\n\n<p>Amanda Paes, do projeto Mundo Colorido, contou ao\u00a0g1\u00a0que as imagens chegaram at\u00e9 ela depois que os vizinhos souberam da comemora\u00e7\u00e3o. O grupo volunt\u00e1rio, que auxilia pessoas em situa\u00e7\u00e3o de vulnerabilidade na cidade de\u00a0Barras, resolveu publicar as imagens. Choveram coment\u00e1rios comovidos e muita gente se ofereceu para ajudar.<\/p>\n\n\n\n<figure class=\"wp-block-image\"><img decoding=\"async\" src=\"https:\/\/s2-g1.glbimg.com\/A42E5sACnRCCyM-BCeGjPblRGGM=\/0x0:1600x1200\/984x0\/smart\/filters:strip_icc()\/i.s3.glbimg.com\/v1\/AUTH_59edd422c0c84a879bd37670ae4f538a\/internal_photos\/bs\/2024\/A\/B\/0p5h03TmWkfWnDWCeIrw\/whatsapp-image-2024-01-19-at-08.29.05-1-.jpeg\" alt=\"A m\u00e3e de Suel, com o menino no colo, e amiguinhos, em uma de suas festinhas \u2014 Foto: Arquivo pessoal\"\/><figcaption class=\"wp-element-caption\">A m\u00e3e de Suel, com o menino no colo, e amiguinhos, em uma de suas festinhas \u2014 Foto: Arquivo pessoal<\/figcaption><\/figure>\n\n\n\n<blockquote class=\"wp-block-quote\">\n<p>&#8220;Quero doar um bolo pra ele!&#8221;, disse uma seguidora. &#8220;Tenho muitos brinquedos para doar&#8221;, comentou outra pessoa.<\/p>\n<\/blockquote>\n\n\n\n<p>O menino j\u00e1 teve uma pequena festinha realizada por amigos e conhecidos\u00a0que souberam da hist\u00f3ria, mas mais gente ainda quer ajudar e ele deve ganhar outras comemora\u00e7\u00f5es. O grupo tamb\u00e9m contou que est\u00e1 mobilizado para ajudar a m\u00e3e em outras necessidades.\u00a0A concentra\u00e7\u00e3o de ajudas \u00e0 fam\u00edlia acontece por meio das redes sociais do projeto.<\/p>\n\n\n\n<p><strong>Fonte: G1 PI <\/strong><\/p>\n","protected":false},"excerpt":{"rendered":"<p>Maxsuel Ferreira, de 2 anos, batia palmas feliz e cantava empolgado os parab\u00e9ns com seus amiguinhos no dia do seu anivers\u00e1rio, comemorado no s\u00e1bado (13), em\u00a0Barras, Norte do Piau\u00ed. A cena foi gravada em v\u00eddeo, publicada nas redes sociais e comoveu quem assistiu. Sem a m\u00e3e ter como fazer uma festinha,&nbsp;crian\u00e7as da vizinhan\u00e7a se uniram [&hellip;]<\/p>\n","protected":false},"author":4,"featured_media":55812,"comment_status":"open","ping_status":"open","sticky":false,"template":"","format":"standard","meta":{"beyondwords_generate_audio":"1","beyondwords_project_id":"","beyondwords_podcast_id":"","beyondwords_hash":"","beyondwords_error_message":"","beyondwords_disabled":"","publish_post_to_speechkit":"","speechkit_generate_audio":"","speechkit_project_id":"","speechkit_podcast_id":"","speechkit_hash":"","speechkit_error_message":"","speechkit_disabled":"","speechkit_access_key":"","speechkit_error":"","speechkit_info":"","speechkit_response":"","speechkit_retries":"","_speechkit_link":"","_speechkit_text":""},"categories":[51],"tags":[6657,82,1995,1506,5937,524,44,12041,12042,1267],"jetpack_featured_media_url":"https:\/\/pinews.com.br\/wp-content\/uploads\/2024\/01\/suel3.jpg","_links":{"self":[{"href":"https:\/\/pinews.com.br\/index.php\/wp-json\/wp\/v2\/posts\/55811"}],"collection":[{"href":"https:\/\/pinews.com.br\/index.php\/wp-json\/wp\/v2\/posts"}],"about":[{"href":"https:\/\/pinews.com.br\/index.php\/wp-json\/wp\/v2\/types\/post"}],"author":[{"embeddable":true,"href":"https:\/\/pinews.com.br\/index.php\/wp-json\/wp\/v2\/users\/4"}],"replies":[{"embeddable":true,"href":"https:\/\/pinews.com.br\/index.php\/wp-json\/wp\/v2\/comments?post=55811"}],"version-history":[{"count":1,"href":"https:\/\/pinews.com.br\/index.php\/wp-json\/wp\/v2\/posts\/55811\/revisions"}],"predecessor-version":[{"id":55813,"href":"https:\/\/pinews.com.br\/index.php\/wp-json\/wp\/v2\/posts\/55811\/revisions\/55813"}],"wp:featuredmedia":[{"embeddable":true,"href":"https:\/\/pinews.com.br\/index.php\/wp-json\/wp\/v2\/media\/55812"}],"wp:attachment":[{"href":"https:\/\/pinews.com.br\/index.php\/wp-json\/wp\/v2\/media?parent=55811"}],"wp:term":[{"taxonomy":"category","embeddable":true,"href":"https:\/\/pinews.com.br\/index.php\/wp-json\/wp\/v2\/categories?post=55811"},{"taxonomy":"post_tag","embeddable":true,"href":"https:\/\/pinews.com.br\/index.php\/wp-json\/wp\/v2\/tags?post=55811"}],"curies":[{"name":"wp","href":"https:\/\/api.w.org\/{rel}","templated":true}]}}