{"id":55845,"date":"2024-01-20T20:50:10","date_gmt":"2024-01-20T23:50:10","guid":{"rendered":"https:\/\/pinews.com.br\/?p=55845"},"modified":"2024-01-20T20:50:12","modified_gmt":"2024-01-20T23:50:12","slug":"motorista-invade-contramao-e-causa-grave-acidente-na-br-316-no-piaui","status":"publish","type":"post","link":"https:\/\/pinews.com.br\/index.php\/2024\/01\/20\/motorista-invade-contramao-e-causa-grave-acidente-na-br-316-no-piaui\/","title":{"rendered":"Motorista invade contram\u00e3o e causa grave acidente na BR-316  no Piau\u00ed"},"content":{"rendered":"\n<p>Na tarde deste s\u00e1bado (20\/01), ocorreu uma colis\u00e3o frontal entre dois ve\u00edculos na Avenida Presidente Get\u00falio Vargas, localizada na Zona Sul de Teresina. Conforme testemunhos e imagens compartilhadas nas redes sociais, o condutor do autom\u00f3vel Parati, de cor verde, invadiu a pista contr\u00e1ria, resultando na colis\u00e3o com outro ve\u00edculo do modelo Fiorino.<\/p>\n\n\n\n<p>V\u00eddeos capturados por outros motoristas registraram o condutor da Parati trafegando na contram\u00e3o da rodovia desde o bairro Santa Clara at\u00e9 o ponto do acidente. Em raz\u00e3o da intensidade do impacto, a parte frontal da Fiat Fiorino ficou seriamente danificada.<\/p>\n\n\n\n<p>Em resposta ao acidente, a Pol\u00edcia Rodovi\u00e1ria Federal no Piau\u00ed (PRF-PI) mobilizou uma equipe para o local, com o objetivo de gerenciar o tr\u00e1fego na rodovia e investigar se o condutor respons\u00e1vel pela colis\u00e3o estava sob a influ\u00eancia de \u00e1lcool.<\/p>\n\n\n\n<p><strong>Fonte: 180 graus<\/strong><\/p>\n","protected":false},"excerpt":{"rendered":"<p>Na tarde deste s\u00e1bado (20\/01), ocorreu uma colis\u00e3o frontal entre dois ve\u00edculos na Avenida Presidente Get\u00falio Vargas, localizada na Zona Sul de Teresina. Conforme testemunhos e imagens compartilhadas nas redes sociais, o condutor do autom\u00f3vel Parati, de cor verde, invadiu a pista contr\u00e1ria, resultando na colis\u00e3o com outro ve\u00edculo do modelo Fiorino. V\u00eddeos capturados por [&hellip;]<\/p>\n","protected":false},"author":4,"featured_media":55846,"comment_status":"open","ping_status":"open","sticky":false,"template":"","format":"standard","meta":{"beyondwords_generate_audio":"1","beyondwords_project_id":"","beyondwords_podcast_id":"","beyondwords_hash":"","beyondwords_error_message":"","beyondwords_disabled":"","publish_post_to_speechkit":"","speechkit_generate_audio":"","speechkit_project_id":"","speechkit_podcast_id":"","speechkit_hash":"","speechkit_error_message":"","speechkit_disabled":"","speechkit_access_key":"","speechkit_error":"","speechkit_info":"","speechkit_response":"","speechkit_retries":"","_speechkit_link":"","_speechkit_text":""},"categories":[51,81],"tags":[176,298,172,1967,404,154,58,91,52],"jetpack_featured_media_url":"https:\/\/pinews.com.br\/wp-content\/uploads\/2024\/01\/reproducao_8758397154714942772.jpeg","_links":{"self":[{"href":"https:\/\/pinews.com.br\/index.php\/wp-json\/wp\/v2\/posts\/55845"}],"collection":[{"href":"https:\/\/pinews.com.br\/index.php\/wp-json\/wp\/v2\/posts"}],"about":[{"href":"https:\/\/pinews.com.br\/index.php\/wp-json\/wp\/v2\/types\/post"}],"author":[{"embeddable":true,"href":"https:\/\/pinews.com.br\/index.php\/wp-json\/wp\/v2\/users\/4"}],"replies":[{"embeddable":true,"href":"https:\/\/pinews.com.br\/index.php\/wp-json\/wp\/v2\/comments?post=55845"}],"version-history":[{"count":1,"href":"https:\/\/pinews.com.br\/index.php\/wp-json\/wp\/v2\/posts\/55845\/revisions"}],"predecessor-version":[{"id":55847,"href":"https:\/\/pinews.com.br\/index.php\/wp-json\/wp\/v2\/posts\/55845\/revisions\/55847"}],"wp:featuredmedia":[{"embeddable":true,"href":"https:\/\/pinews.com.br\/index.php\/wp-json\/wp\/v2\/media\/55846"}],"wp:attachment":[{"href":"https:\/\/pinews.com.br\/index.php\/wp-json\/wp\/v2\/media?parent=55845"}],"wp:term":[{"taxonomy":"category","embeddable":true,"href":"https:\/\/pinews.com.br\/index.php\/wp-json\/wp\/v2\/categories?post=55845"},{"taxonomy":"post_tag","embeddable":true,"href":"https:\/\/pinews.com.br\/index.php\/wp-json\/wp\/v2\/tags?post=55845"}],"curies":[{"name":"wp","href":"https:\/\/api.w.org\/{rel}","templated":true}]}}