{"id":56028,"date":"2024-01-25T16:52:19","date_gmt":"2024-01-25T19:52:19","guid":{"rendered":"https:\/\/pinews.com.br\/?p=56028"},"modified":"2024-01-25T16:52:21","modified_gmt":"2024-01-25T19:52:21","slug":"homem-morre-apos-colocar-fogo-em-seu-proprio-corpo-em-praca-no-interior-do-piaui","status":"publish","type":"post","link":"https:\/\/pinews.com.br\/index.php\/2024\/01\/25\/homem-morre-apos-colocar-fogo-em-seu-proprio-corpo-em-praca-no-interior-do-piaui\/","title":{"rendered":"Homem morre ap\u00f3s colocar fogo em seu pr\u00f3prio corpo em pra\u00e7a no interior do Piau\u00ed"},"content":{"rendered":"\n<p>Na tarde da \u00faltima ter\u00e7a-feira (23\/01), um tr\u00e1gico incidente abalou o Bairro Escurid\u00e3o, em Cabeceiras do Piau\u00ed, quando um homem identificado como Pedro Tanoca tomou a assustadora decis\u00e3o de atear fogo em seu pr\u00f3prio corpo.<\/p>\n\n\n\n<p>De acordo com relatos, Tanoca retirou gasolina de uma motocicleta e a aplicou sobre si mesmo, desencadeando o inc\u00eandio na pracinha do Bairro Escurid\u00e3o, por volta das 13h.<\/p>\n\n\n\n<p>Pedro Tanoca foi prontamente socorrido e conduzido ao hospital, apresentando graves queimaduras. No entanto, infelizmente, o homem n\u00e3o conseguiu resistir \u00e0s les\u00f5es e veio a \u00f3bito na tarde desta quarta-feira (24\/01).<\/p>\n\n\n\n<p><strong>Fonte: 180 graus<\/strong><\/p>\n","protected":false},"excerpt":{"rendered":"<p>Na tarde da \u00faltima ter\u00e7a-feira (23\/01), um tr\u00e1gico incidente abalou o Bairro Escurid\u00e3o, em Cabeceiras do Piau\u00ed, quando um homem identificado como Pedro Tanoca tomou a assustadora decis\u00e3o de atear fogo em seu pr\u00f3prio corpo. De acordo com relatos, Tanoca retirou gasolina de uma motocicleta e a aplicou sobre si mesmo, desencadeando o inc\u00eandio na [&hellip;]<\/p>\n","protected":false},"author":4,"featured_media":56029,"comment_status":"open","ping_status":"open","sticky":false,"template":"","format":"standard","meta":{"beyondwords_generate_audio":"1","beyondwords_project_id":"","beyondwords_podcast_id":"","beyondwords_hash":"","beyondwords_error_message":"","beyondwords_disabled":"","publish_post_to_speechkit":"","speechkit_generate_audio":"","speechkit_project_id":"","speechkit_podcast_id":"","speechkit_hash":"","speechkit_error_message":"","speechkit_disabled":"","speechkit_access_key":"","speechkit_error":"","speechkit_info":"","speechkit_response":"","speechkit_retries":"","_speechkit_link":"","_speechkit_text":""},"categories":[51],"tags":[70,8721,55,46,1675,84,716,119,52,982,86,1036],"jetpack_featured_media_url":"https:\/\/pinews.com.br\/wp-content\/uploads\/2024\/01\/cabeceirasemfoco_-3387251350117739775.jpeg","_links":{"self":[{"href":"https:\/\/pinews.com.br\/index.php\/wp-json\/wp\/v2\/posts\/56028"}],"collection":[{"href":"https:\/\/pinews.com.br\/index.php\/wp-json\/wp\/v2\/posts"}],"about":[{"href":"https:\/\/pinews.com.br\/index.php\/wp-json\/wp\/v2\/types\/post"}],"author":[{"embeddable":true,"href":"https:\/\/pinews.com.br\/index.php\/wp-json\/wp\/v2\/users\/4"}],"replies":[{"embeddable":true,"href":"https:\/\/pinews.com.br\/index.php\/wp-json\/wp\/v2\/comments?post=56028"}],"version-history":[{"count":1,"href":"https:\/\/pinews.com.br\/index.php\/wp-json\/wp\/v2\/posts\/56028\/revisions"}],"predecessor-version":[{"id":56030,"href":"https:\/\/pinews.com.br\/index.php\/wp-json\/wp\/v2\/posts\/56028\/revisions\/56030"}],"wp:featuredmedia":[{"embeddable":true,"href":"https:\/\/pinews.com.br\/index.php\/wp-json\/wp\/v2\/media\/56029"}],"wp:attachment":[{"href":"https:\/\/pinews.com.br\/index.php\/wp-json\/wp\/v2\/media?parent=56028"}],"wp:term":[{"taxonomy":"category","embeddable":true,"href":"https:\/\/pinews.com.br\/index.php\/wp-json\/wp\/v2\/categories?post=56028"},{"taxonomy":"post_tag","embeddable":true,"href":"https:\/\/pinews.com.br\/index.php\/wp-json\/wp\/v2\/tags?post=56028"}],"curies":[{"name":"wp","href":"https:\/\/api.w.org\/{rel}","templated":true}]}}