{"id":56040,"date":"2024-01-25T21:17:37","date_gmt":"2024-01-26T00:17:37","guid":{"rendered":"https:\/\/pinews.com.br\/?p=56040"},"modified":"2024-01-25T21:17:39","modified_gmt":"2024-01-26T00:17:39","slug":"adolescente-de-15-anos-e-apreendido-suspeito-de-participar-de-duplo-homicidio-e-tiroteio-em-shopping-no-piaui","status":"publish","type":"post","link":"https:\/\/pinews.com.br\/index.php\/2024\/01\/25\/adolescente-de-15-anos-e-apreendido-suspeito-de-participar-de-duplo-homicidio-e-tiroteio-em-shopping-no-piaui\/","title":{"rendered":"Adolescente de 15 anos \u00e9 apreendido suspeito de participar de duplo homic\u00eddio e tiroteio em shopping no Piau\u00ed"},"content":{"rendered":"\n<p>Um adolescente de 15 anos foi apreendido suspeito de participar do\u00a0duplo homic\u00eddio contra dois turistas em uma praia de Lu\u00eds Correia, no litoral do Piau\u00ed, em junho de 2023, e de envolvimento no\u00a0tiroteio ocorrido em um shopping da cidade, em novembro do mesmo ano.<\/p>\n\n\n\n<p>A apreens\u00e3o ocorreu na quarta-feira (24). Segundo o delegado Jo\u00e3o Filipe Leite, da Divis\u00e3o de Homic\u00eddios e Tr\u00e1fico de Drogas (DFHT), o adolescente \u00e9 tamb\u00e9m investigado por outros atos infracionais graves e suspeito de integrar uma fac\u00e7\u00e3o criminosa de origem cearense.<\/p>\n\n\n\n<blockquote class=\"wp-block-quote\">\n<p>&#8220;Nessa \u00e9poca do tiroteio no shopping, dois adolescentes trocaram tiros entre si. Um atirou em dire\u00e7\u00e3o ao outro. A\u00ed um foi preso na hora em flagrante com uma submetralhadora e o outro fugiu. Quando o apreendemos, verificamos que ele tamb\u00e9m tinha envolvimento no duplo homic\u00eddio aos amigos turistas&#8221;, explicou o delegado.<\/p>\n<\/blockquote>\n\n\n\n<p>No momento do cumprimento do mandado de interna\u00e7\u00e3o provis\u00f3ria contra ele, o adolescente estava em uma resid\u00eancia usada como ponto de tr\u00e1fico de drogas. Foram apreendidas por\u00e7\u00f5es de crack e maconha, al\u00e9m de tr\u00eas aparelhos celulares.<\/p>\n\n\n\n<p>Uma mulher identificada pelas iniciais I.S.S, de 36 anos,\u00a0usando tornozeleira eletr\u00f4nica, que tem\u00a0passagens pela pol\u00edcia por tr\u00e1fico de drogas,\u00a0tamb\u00e9m foi presa em flagrante no local pelos crimes de tr\u00e1fico, associa\u00e7\u00e3o para o tr\u00e1fico, inclusive da mesma fac\u00e7\u00e3o do adolescente, e corrup\u00e7\u00e3o de menores.<\/p>\n\n\n\n<p>O adolescente preso foi encaminhado para o Complexo do Menor em\u00a0Parna\u00edba\u00a0e ir\u00e1 responder tamb\u00e9m pelos atos infracionais an\u00e1logos a tr\u00e1fico de drogas e associa\u00e7\u00e3o para o tr\u00e1fico.<\/p>\n\n\n\n<h2>Den\u00fancia an\u00f4nima<\/h2>\n\n\n\n<p>A DFHT de\u00a0Lu\u00eds Correia\u00a0investiga se a casa utilizada pelo grupo criminoso teria sido invadida ap\u00f3s a expuls\u00e3o dos antigos moradores.<\/p>\n\n\n\n<p>A Delegacia Seccional de Lu\u00eds Correia refor\u00e7a o combate \u00e0 criminalidade e pede \u00e0 popula\u00e7\u00e3o que, sempre que poss\u00edvel, contribua com informa\u00e7\u00f5es por meio de den\u00fancias an\u00f4nimas que podem ser feitas pelo WhatsApp (86) 99843-5039 ou pelo link&nbsp;<a class=\"\" href=\"http:\/\/bit.ly\/denunciasdpluiscorreia\" target=\"_blank\" rel=\"noreferrer noopener\">bit.ly\/denunciasdpluiscorreia<\/a>.<\/p>\n\n\n\n<h2>Crimes<\/h2>\n\n\n\n<p><strong>Duplo homic\u00eddio na praia<\/strong><\/p>\n\n\n\n<p>A Pol\u00edcia Civil concluiu em setembro de 2023, ap\u00f3s inqu\u00e9rito, que os amigos\u00a0Franciv\u00e2nio Mendes\u00a0e\u00a0Francisco de Assis Lopes Filho, assassinados em junho do mesmo ano, na Praia de Atalaia, em Lu\u00eds Correia, morreram depois de terem sido confundidos com membros de uma fac\u00e7\u00e3o criminosa.<\/p>\n\n\n\n<p>A investiga\u00e7\u00e3o apontou que Franciv\u00e2nio e Francisco participavam de uma excurs\u00e3o que saiu de\u00a0Teresina\u00a0para Lu\u00eds Correia e estavam na praia ouvindo m\u00fasicas, e que algumas delas fazia apologia ao crime e determinada fac\u00e7\u00e3o criminosa. Integrantes de um grupo rival tomaram conhecimento e foram at\u00e9 o local armados.<\/p>\n\n\n\n<p>Francisco de Assis e Franciv\u00e2nio Mendes foram mortos por quatro homens que chegaram ao local em duas motocicletas e atiraram contra eles. Segundo a Pol\u00edcia Militar, n\u00e3o houve discuss\u00e3o antes dos tiros.<\/p>\n\n\n\n<p><strong>Tiroteio em shopping<\/strong><\/p>\n\n\n\n<p>Um tiroteio foi registrado no dia 30 de novembro de 2023, pr\u00f3ximo a um shopping localizado em Lu\u00eds Correia, litoral do Piau\u00ed. Uma submetralhadora e uma pistola foram encontradas com um dos suspeitos, que foi preso.<\/p>\n\n\n\n<p>A pol\u00edcia foi acionada pela popula\u00e7\u00e3o ap\u00f3s disparos de arma de fogo e, chegando ao local, os policiais flagraram um adolescente armado, que foi apreendido e conduzido \u00e0 Central de Flagrantes.<\/p>\n\n\n\n<figure class=\"wp-block-image\"><img decoding=\"async\" src=\"https:\/\/s2-g1.glbimg.com\/c_A_NIoNmOtlD3j-AWSxmKKrWFQ=\/0x0:1244x622\/984x0\/smart\/filters:strip_icc()\/i.s3.glbimg.com\/v1\/AUTH_59edd422c0c84a879bd37670ae4f538a\/internal_photos\/bs\/2023\/f\/B\/FpVJFhQxaMk2yC0X20Ag\/tiros-shopping1.jpg\" alt=\"Tiroteio em shopping no litoral do Piau\u00ed assusta moradores; submetralhadora foi apreendida \u2014 Foto: Reprodu\u00e7\u00e3o\"\/><figcaption class=\"wp-element-caption\">Tiroteio em shopping no litoral do Piau\u00ed assusta moradores; submetralhadora foi apreendida \u2014 Foto: Reprodu\u00e7\u00e3o<\/figcaption><\/figure>\n\n\n\n<p><strong>Fonte: G1 PI <\/strong><\/p>\n","protected":false},"excerpt":{"rendered":"<p>Um adolescente de 15 anos foi apreendido suspeito de participar do\u00a0duplo homic\u00eddio contra dois turistas em uma praia de Lu\u00eds Correia, no litoral do Piau\u00ed, em junho de 2023, e de envolvimento no\u00a0tiroteio ocorrido em um shopping da cidade, em novembro do mesmo ano. A apreens\u00e3o ocorreu na quarta-feira (24). Segundo o delegado Jo\u00e3o Filipe [&hellip;]<\/p>\n","protected":false},"author":1,"featured_media":56041,"comment_status":"open","ping_status":"open","sticky":false,"template":"","format":"standard","meta":{"beyondwords_generate_audio":"1","beyondwords_project_id":"","beyondwords_podcast_id":"","beyondwords_hash":"","beyondwords_error_message":"","beyondwords_disabled":"","publish_post_to_speechkit":"","speechkit_generate_audio":"","speechkit_project_id":"","speechkit_podcast_id":"","speechkit_hash":"","speechkit_error_message":"","speechkit_disabled":"","speechkit_access_key":"","speechkit_error":"","speechkit_info":"","speechkit_response":"","speechkit_retries":"","_speechkit_link":"","_speechkit_text":""},"categories":[51,78],"tags":[180,177,82,1117,44,5714,72,46,162,5533,52,1601,130,773],"jetpack_featured_media_url":"https:\/\/pinews.com.br\/wp-content\/uploads\/2024\/01\/9127c5a4-17c3-4a3d-8116-9b75c66b23f7.jpg","_links":{"self":[{"href":"https:\/\/pinews.com.br\/index.php\/wp-json\/wp\/v2\/posts\/56040"}],"collection":[{"href":"https:\/\/pinews.com.br\/index.php\/wp-json\/wp\/v2\/posts"}],"about":[{"href":"https:\/\/pinews.com.br\/index.php\/wp-json\/wp\/v2\/types\/post"}],"author":[{"embeddable":true,"href":"https:\/\/pinews.com.br\/index.php\/wp-json\/wp\/v2\/users\/1"}],"replies":[{"embeddable":true,"href":"https:\/\/pinews.com.br\/index.php\/wp-json\/wp\/v2\/comments?post=56040"}],"version-history":[{"count":1,"href":"https:\/\/pinews.com.br\/index.php\/wp-json\/wp\/v2\/posts\/56040\/revisions"}],"predecessor-version":[{"id":56042,"href":"https:\/\/pinews.com.br\/index.php\/wp-json\/wp\/v2\/posts\/56040\/revisions\/56042"}],"wp:featuredmedia":[{"embeddable":true,"href":"https:\/\/pinews.com.br\/index.php\/wp-json\/wp\/v2\/media\/56041"}],"wp:attachment":[{"href":"https:\/\/pinews.com.br\/index.php\/wp-json\/wp\/v2\/media?parent=56040"}],"wp:term":[{"taxonomy":"category","embeddable":true,"href":"https:\/\/pinews.com.br\/index.php\/wp-json\/wp\/v2\/categories?post=56040"},{"taxonomy":"post_tag","embeddable":true,"href":"https:\/\/pinews.com.br\/index.php\/wp-json\/wp\/v2\/tags?post=56040"}],"curies":[{"name":"wp","href":"https:\/\/api.w.org\/{rel}","templated":true}]}}