{"id":56051,"date":"2024-01-26T15:29:25","date_gmt":"2024-01-26T18:29:25","guid":{"rendered":"https:\/\/pinews.com.br\/?p=56051"},"modified":"2024-01-26T15:29:26","modified_gmt":"2024-01-26T18:29:26","slug":"piauiense-viaja-para-trabalhar-e-acaba-morto-a-tiros-em-casa-no-mato-grosso","status":"publish","type":"post","link":"https:\/\/pinews.com.br\/index.php\/2024\/01\/26\/piauiense-viaja-para-trabalhar-e-acaba-morto-a-tiros-em-casa-no-mato-grosso\/","title":{"rendered":"Piauiense viaja para trabalhar e acaba morto a tiros em casa no Mato Grosso"},"content":{"rendered":"\n<p>Um homem identificado como Wagner Alves Silva, de 27 anos, natural de Esperantina\/PI, foi morto a tiros na noite da \u00faltima quinta-feira (25\/01), em Juscimeira, no estado do Mato Grosso. A piauiense havia viajado para o Centro-Oeste em busca de trabalho. <\/p>\n\n\n\n<p>A v\u00edtima estava em uma resid\u00eancia localizada na Rua Curitiba, no Bairro Vila Xavier, com mais tr\u00eas pessoas, quando dois homens chegaram de moto no local e efetuaram os disparos por volta das 22h30.<\/p>\n\n\n\n<p>Al\u00e9m do piauiense, outro homem morreu no local. Ele foi identificado como Jhonatan Matheus Radica da Costa, de 25 anos. Duas pessoas, ainda n\u00e3o identificadas, tamb\u00e9m foram atingidas pelos tiros e foram socorridas para o hospital da cidade.<\/p>\n\n\n\n<p>O caso est\u00e1 sendo investigado pela pol\u00edcia mato-grossense.<\/p>\n\n\n\n<p>O esperantinense trabalhava em uma empresa de constru\u00e7\u00e3o de ferrovia em Juscimeira. A fam\u00edlia agora tenta realizar o translado do corpo para o Piau\u00ed.<\/p>\n\n\n\n<p><strong>Fonte: 180 graus\/ As informa\u00e7\u00f5es s\u00e3o do Revista AZ<\/strong><\/p>\n","protected":false},"excerpt":{"rendered":"<p>Um homem identificado como Wagner Alves Silva, de 27 anos, natural de Esperantina\/PI, foi morto a tiros na noite da \u00faltima quinta-feira (25\/01), em Juscimeira, no estado do Mato Grosso. A piauiense havia viajado para o Centro-Oeste em busca de trabalho. A v\u00edtima estava em uma resid\u00eancia localizada na Rua Curitiba, no Bairro Vila Xavier, [&hellip;]<\/p>\n","protected":false},"author":4,"featured_media":56052,"comment_status":"open","ping_status":"open","sticky":false,"template":"","format":"standard","meta":{"beyondwords_generate_audio":"1","beyondwords_project_id":"","beyondwords_podcast_id":"","beyondwords_hash":"","beyondwords_error_message":"","beyondwords_disabled":"","publish_post_to_speechkit":"","speechkit_generate_audio":"","speechkit_project_id":"","speechkit_podcast_id":"","speechkit_hash":"","speechkit_error_message":"","speechkit_disabled":"","speechkit_access_key":"","speechkit_error":"","speechkit_info":"","speechkit_response":"","speechkit_retries":"","_speechkit_link":"","_speechkit_text":""},"categories":[134,51],"tags":[1087,149,46,6731,8897,197,350,511,165,9881,8928],"jetpack_featured_media_url":"https:\/\/pinews.com.br\/wp-content\/uploads\/2024\/01\/thumbs-1.jpeg","_links":{"self":[{"href":"https:\/\/pinews.com.br\/index.php\/wp-json\/wp\/v2\/posts\/56051"}],"collection":[{"href":"https:\/\/pinews.com.br\/index.php\/wp-json\/wp\/v2\/posts"}],"about":[{"href":"https:\/\/pinews.com.br\/index.php\/wp-json\/wp\/v2\/types\/post"}],"author":[{"embeddable":true,"href":"https:\/\/pinews.com.br\/index.php\/wp-json\/wp\/v2\/users\/4"}],"replies":[{"embeddable":true,"href":"https:\/\/pinews.com.br\/index.php\/wp-json\/wp\/v2\/comments?post=56051"}],"version-history":[{"count":1,"href":"https:\/\/pinews.com.br\/index.php\/wp-json\/wp\/v2\/posts\/56051\/revisions"}],"predecessor-version":[{"id":56053,"href":"https:\/\/pinews.com.br\/index.php\/wp-json\/wp\/v2\/posts\/56051\/revisions\/56053"}],"wp:featuredmedia":[{"embeddable":true,"href":"https:\/\/pinews.com.br\/index.php\/wp-json\/wp\/v2\/media\/56052"}],"wp:attachment":[{"href":"https:\/\/pinews.com.br\/index.php\/wp-json\/wp\/v2\/media?parent=56051"}],"wp:term":[{"taxonomy":"category","embeddable":true,"href":"https:\/\/pinews.com.br\/index.php\/wp-json\/wp\/v2\/categories?post=56051"},{"taxonomy":"post_tag","embeddable":true,"href":"https:\/\/pinews.com.br\/index.php\/wp-json\/wp\/v2\/tags?post=56051"}],"curies":[{"name":"wp","href":"https:\/\/api.w.org\/{rel}","templated":true}]}}