{"id":56102,"date":"2024-01-29T18:32:06","date_gmt":"2024-01-29T21:32:06","guid":{"rendered":"https:\/\/pinews.com.br\/?p=56102"},"modified":"2024-01-29T18:32:07","modified_gmt":"2024-01-29T21:32:07","slug":"veiculo-roubado-ha-mais-de-2-anos-em-brasilia-df-e-recuperado-pela-prf-no-litoral-do-piaui","status":"publish","type":"post","link":"https:\/\/pinews.com.br\/index.php\/2024\/01\/29\/veiculo-roubado-ha-mais-de-2-anos-em-brasilia-df-e-recuperado-pela-prf-no-litoral-do-piaui\/","title":{"rendered":"Ve\u00edculo roubado h\u00e1 mais de 2 anos em Bras\u00edlia (DF) \u00e9 recuperado pela PRF no litoral do Piau\u00ed"},"content":{"rendered":"\n<p>Pol\u00edcia Rodovi\u00e1ria Federal (PRF), na manh\u00e3 de ontem (28), recuperou um ve\u00edculo que havia sido roubado em setembro de 2021 no Distrito Federal, em Bras\u00edlia, e prendeu um homem de 69 anos por recepta\u00e7\u00e3o.<\/p>\n\n\n\n<p>O crime e a pris\u00e3o foram registrados durante fiscaliza\u00e7\u00e3o na BR-343, em Parna\u00edba (PI), quando o autor do delito foi abordado por policiais. <\/p>\n\n\n\n<p>No processo de fiscaliza\u00e7\u00e3o do ve\u00edculo, os agentes notaram ind\u00edcios de poss\u00edvel adultera\u00e7\u00e3o nos sinais identificadores. Aprofundando a an\u00e1lise, foi constatado que o carro, com placa de Minas Gerais, era, na verdade, um ve\u00edculo roubado em Bras\u00edlia, em setembro de 2021.<\/p>\n\n\n\n<p>Diante dos expostos, o ve\u00edculo e o homem foram encaminhados \u00e0 Central de Flagrantes de Parna\u00edba para que os procedimentos adequados que o caso requer fossem tomados.<\/p>\n\n\n\n<p><strong>Fonte: PRF<\/strong><\/p>\n","protected":false},"excerpt":{"rendered":"<p>Pol\u00edcia Rodovi\u00e1ria Federal (PRF), na manh\u00e3 de ontem (28), recuperou um ve\u00edculo que havia sido roubado em setembro de 2021 no Distrito Federal, em Bras\u00edlia, e prendeu um homem de 69 anos por recepta\u00e7\u00e3o. O crime e a pris\u00e3o foram registrados durante fiscaliza\u00e7\u00e3o na BR-343, em Parna\u00edba (PI), quando o autor do delito foi abordado [&hellip;]<\/p>\n","protected":false},"author":1,"featured_media":56103,"comment_status":"open","ping_status":"open","sticky":false,"template":"","format":"standard","meta":{"beyondwords_generate_audio":"1","beyondwords_project_id":"","beyondwords_podcast_id":"","beyondwords_hash":"","beyondwords_error_message":"","beyondwords_disabled":"","publish_post_to_speechkit":"","speechkit_generate_audio":"","speechkit_project_id":"","speechkit_podcast_id":"","speechkit_hash":"","speechkit_error_message":"","speechkit_disabled":"","speechkit_access_key":"","speechkit_error":"","speechkit_info":"","speechkit_response":"","speechkit_retries":"","_speechkit_link":"","_speechkit_text":""},"categories":[51,78],"tags":[82,2748,44,5973,72,46,603,202,76,103,52,104,169,5408,158],"jetpack_featured_media_url":"https:\/\/pinews.com.br\/wp-content\/uploads\/2024\/01\/a97f8d05-e58f-4a29-8204-59d6439616bc-1024x768-1.jpg","_links":{"self":[{"href":"https:\/\/pinews.com.br\/index.php\/wp-json\/wp\/v2\/posts\/56102"}],"collection":[{"href":"https:\/\/pinews.com.br\/index.php\/wp-json\/wp\/v2\/posts"}],"about":[{"href":"https:\/\/pinews.com.br\/index.php\/wp-json\/wp\/v2\/types\/post"}],"author":[{"embeddable":true,"href":"https:\/\/pinews.com.br\/index.php\/wp-json\/wp\/v2\/users\/1"}],"replies":[{"embeddable":true,"href":"https:\/\/pinews.com.br\/index.php\/wp-json\/wp\/v2\/comments?post=56102"}],"version-history":[{"count":1,"href":"https:\/\/pinews.com.br\/index.php\/wp-json\/wp\/v2\/posts\/56102\/revisions"}],"predecessor-version":[{"id":56104,"href":"https:\/\/pinews.com.br\/index.php\/wp-json\/wp\/v2\/posts\/56102\/revisions\/56104"}],"wp:featuredmedia":[{"embeddable":true,"href":"https:\/\/pinews.com.br\/index.php\/wp-json\/wp\/v2\/media\/56103"}],"wp:attachment":[{"href":"https:\/\/pinews.com.br\/index.php\/wp-json\/wp\/v2\/media?parent=56102"}],"wp:term":[{"taxonomy":"category","embeddable":true,"href":"https:\/\/pinews.com.br\/index.php\/wp-json\/wp\/v2\/categories?post=56102"},{"taxonomy":"post_tag","embeddable":true,"href":"https:\/\/pinews.com.br\/index.php\/wp-json\/wp\/v2\/tags?post=56102"}],"curies":[{"name":"wp","href":"https:\/\/api.w.org\/{rel}","templated":true}]}}