{"id":56141,"date":"2024-01-31T18:44:17","date_gmt":"2024-01-31T21:44:17","guid":{"rendered":"https:\/\/pinews.com.br\/?p=56141"},"modified":"2024-01-31T18:44:19","modified_gmt":"2024-01-31T21:44:19","slug":"jovem-de-24-anos-morre-apos-sofrer-mal-subito-e-colidir-frontalmente-com-caminhao-na-br-316-em-picos","status":"publish","type":"post","link":"https:\/\/pinews.com.br\/index.php\/2024\/01\/31\/jovem-de-24-anos-morre-apos-sofrer-mal-subito-e-colidir-frontalmente-com-caminhao-na-br-316-em-picos\/","title":{"rendered":"Jovem de 24 anos morre ap\u00f3s sofrer mal s\u00fabito e colidir frontalmente com caminh\u00e3o na BR-316 em Picos"},"content":{"rendered":"\n<p>S\u00e1vio Borges Leal, de 24 anos, morreu, na madrugada desta quarta-feira (31), ap\u00f3s sofrer um mal s\u00fabito e colidir frontalmente com um caminh\u00e3o, na BR-316, em\u00a0Picos, a 314 km de\u00a0Teresina.<\/p>\n\n\n\n<p>O jovem, que era de\u00a0Santana do Piau\u00ed, estava em uma moto. Segundo a Pol\u00edcia Rodovi\u00e1ria Federal (PRF), o motorista do caminh\u00e3o fugiu do local sem prestar socorro.<\/p>\n\n\n\n<p>Conforme a PRF, ap\u00f3s sofrer o mal s\u00fabito o jovem ultrapassou a via contr\u00e1ria, perdendo o controle da moto e colidindo com o caminh\u00e3o.<\/p>\n\n\n\n<p>A per\u00edcia criminal da Pol\u00edcia Civil foi acionada para as an\u00e1lises cab\u00edveis. O corpo da v\u00edtima foi encaminhado para o Instituto de Medicina Legal (IML).<\/p>\n\n\n\n<h2>Prefeitura emite nota de pesar<\/h2>\n\n\n\n<figure class=\"wp-block-image\"><img decoding=\"async\" src=\"https:\/\/s2-g1.glbimg.com\/7a0AyUzFimcdGoHzPb6kzU68f3Q=\/0x0:720x1280\/984x0\/smart\/filters:strip_icc()\/i.s3.glbimg.com\/v1\/AUTH_59edd422c0c84a879bd37670ae4f538a\/internal_photos\/bs\/2024\/V\/F\/O2ZrBfTYeAPcHAFJ5oJQ\/whatsapp-image-2024-01-31-at-15.37.06.jpeg\" alt=\"A prefeitura de Santana do Piau\u00ed, de onde o jovem era, emitiu uma nota de pesar pela morte dele \u2014 Foto: Divulga\u00e7\u00e3o\"\/><figcaption class=\"wp-element-caption\">A prefeitura de Santana do Piau\u00ed, de onde o jovem era, emitiu uma nota de pesar pela morte dele \u2014 Foto: Divulga\u00e7\u00e3o<\/figcaption><\/figure>\n\n\n\n<p><strong>Fonte: G1 PI <\/strong><\/p>\n","protected":false},"excerpt":{"rendered":"<p>S\u00e1vio Borges Leal, de 24 anos, morreu, na madrugada desta quarta-feira (31), ap\u00f3s sofrer um mal s\u00fabito e colidir frontalmente com um caminh\u00e3o, na BR-316, em\u00a0Picos, a 314 km de\u00a0Teresina. O jovem, que era de\u00a0Santana do Piau\u00ed, estava em uma moto. Segundo a Pol\u00edcia Rodovi\u00e1ria Federal (PRF), o motorista do caminh\u00e3o fugiu do local sem [&hellip;]<\/p>\n","protected":false},"author":1,"featured_media":56142,"comment_status":"open","ping_status":"open","sticky":false,"template":"","format":"standard","meta":{"beyondwords_generate_audio":"1","beyondwords_project_id":"","beyondwords_podcast_id":"","beyondwords_hash":"","beyondwords_error_message":"","beyondwords_disabled":"","publish_post_to_speechkit":"","speechkit_generate_audio":"","speechkit_project_id":"","speechkit_podcast_id":"","speechkit_hash":"","speechkit_error_message":"","speechkit_disabled":"","speechkit_access_key":"","speechkit_error":"","speechkit_info":"","speechkit_response":"","speechkit_retries":"","_speechkit_link":"","_speechkit_text":""},"categories":[124,51,126],"tags":[671,82,70,298,188,300,44,46,9143,266,368,119,91,125,354,7106],"jetpack_featured_media_url":"https:\/\/pinews.com.br\/wp-content\/uploads\/2024\/01\/whatsapp-image-2024-01-31-at-15.37.07.jpeg","_links":{"self":[{"href":"https:\/\/pinews.com.br\/index.php\/wp-json\/wp\/v2\/posts\/56141"}],"collection":[{"href":"https:\/\/pinews.com.br\/index.php\/wp-json\/wp\/v2\/posts"}],"about":[{"href":"https:\/\/pinews.com.br\/index.php\/wp-json\/wp\/v2\/types\/post"}],"author":[{"embeddable":true,"href":"https:\/\/pinews.com.br\/index.php\/wp-json\/wp\/v2\/users\/1"}],"replies":[{"embeddable":true,"href":"https:\/\/pinews.com.br\/index.php\/wp-json\/wp\/v2\/comments?post=56141"}],"version-history":[{"count":1,"href":"https:\/\/pinews.com.br\/index.php\/wp-json\/wp\/v2\/posts\/56141\/revisions"}],"predecessor-version":[{"id":56143,"href":"https:\/\/pinews.com.br\/index.php\/wp-json\/wp\/v2\/posts\/56141\/revisions\/56143"}],"wp:featuredmedia":[{"embeddable":true,"href":"https:\/\/pinews.com.br\/index.php\/wp-json\/wp\/v2\/media\/56142"}],"wp:attachment":[{"href":"https:\/\/pinews.com.br\/index.php\/wp-json\/wp\/v2\/media?parent=56141"}],"wp:term":[{"taxonomy":"category","embeddable":true,"href":"https:\/\/pinews.com.br\/index.php\/wp-json\/wp\/v2\/categories?post=56141"},{"taxonomy":"post_tag","embeddable":true,"href":"https:\/\/pinews.com.br\/index.php\/wp-json\/wp\/v2\/tags?post=56141"}],"curies":[{"name":"wp","href":"https:\/\/api.w.org\/{rel}","templated":true}]}}