{"id":56339,"date":"2024-02-13T10:38:03","date_gmt":"2024-02-13T13:38:03","guid":{"rendered":"https:\/\/pinews.com.br\/?p=56339"},"modified":"2024-02-13T10:38:05","modified_gmt":"2024-02-13T13:38:05","slug":"homem-agride-ex-esposa-e-e-suspeito-de-colocar-fogo-na-casa-da-vitima-no-piaui","status":"publish","type":"post","link":"https:\/\/pinews.com.br\/index.php\/2024\/02\/13\/homem-agride-ex-esposa-e-e-suspeito-de-colocar-fogo-na-casa-da-vitima-no-piaui\/","title":{"rendered":"Homem agride ex-esposa e \u00e9 suspeito de colocar fogo na casa da v\u00edtima no Piau\u00ed"},"content":{"rendered":"\n<p>Um homem identificado como Alberto Francisco Silva Sales, 26 anos, \u00e9 suspeito de atear fogo na casa da ex-esposa, Pedrina Michele Lopes de Sousa, 21 anos.<\/p>\n\n\n\n<p>A ocorr\u00eancia foi atendida pela 3\u00aa CIA do 18\u00ba Batalh\u00e3o da Pol\u00edcia Militar de Amarante.\u00a0A m\u00e3e da v\u00edtima, Ana Maria Lopes de Sena Rosa, relatou que sua filha foi agredida pelo ex-marido durante uma seresta na cidade.\u00a0Segundo a denunciante, o crime foi presenciado por diversas testemunhas.<\/p>\n\n\n\n<p>Al\u00e9m das agress\u00f5es, a mulher relatou aos policiais que o homem deixou a festa amea\u00e7ando se vingar de sua filha.<\/p>\n\n\n\n<p>Com receio de voltar sozinha para sua casa, a v\u00edtima dormiu na casa de sua av\u00f3. Na manh\u00e3 seguinte, quando retornou \u00e0 sua casa, encontrou o im\u00f3vel incendiado. O ex-esposo \u00e9 o principal suspeito de provocar o fogo no im\u00f3vel.<\/p>\n\n\n\n<p>O suspeito foi localizado no bairro Novo, com ele foram apreendidas uma arma de fabrica\u00e7\u00e3o caseira, dois recipientes contendo chumbo, um canivete, duas facas e um celular. O suspeito foi conduzido para a Delegacia Regional de \u00c1gua Branca.<\/p>\n\n\n\n<p><strong>Fonte: Adriana Magalh\u00e3es e B\u00e1rbara Rodrigues\/ Cidade Verde <\/strong><\/p>\n","protected":false},"excerpt":{"rendered":"<p>Um homem identificado como Alberto Francisco Silva Sales, 26 anos, \u00e9 suspeito de atear fogo na casa da ex-esposa, Pedrina Michele Lopes de Sousa, 21 anos. A ocorr\u00eancia foi atendida pela 3\u00aa CIA do 18\u00ba Batalh\u00e3o da Pol\u00edcia Militar de Amarante.\u00a0A m\u00e3e da v\u00edtima, Ana Maria Lopes de Sena Rosa, relatou que sua filha foi [&hellip;]<\/p>\n","protected":false},"author":4,"featured_media":56340,"comment_status":"open","ping_status":"open","sticky":false,"template":"","format":"standard","meta":{"beyondwords_generate_audio":"1","beyondwords_project_id":"","beyondwords_podcast_id":"","beyondwords_hash":"","beyondwords_error_message":"","beyondwords_disabled":"","publish_post_to_speechkit":"","speechkit_generate_audio":"","speechkit_project_id":"","speechkit_podcast_id":"","speechkit_hash":"","speechkit_error_message":"","speechkit_disabled":"","speechkit_access_key":"","speechkit_error":"","speechkit_info":"","speechkit_response":"","speechkit_retries":"","_speechkit_link":"","_speechkit_text":""},"categories":[51,78],"tags":[8534,149,8721,122,44,72,274,1675,84,91,52,130,285],"jetpack_featured_media_url":"https:\/\/pinews.com.br\/wp-content\/uploads\/2024\/02\/images-37.jpeg","_links":{"self":[{"href":"https:\/\/pinews.com.br\/index.php\/wp-json\/wp\/v2\/posts\/56339"}],"collection":[{"href":"https:\/\/pinews.com.br\/index.php\/wp-json\/wp\/v2\/posts"}],"about":[{"href":"https:\/\/pinews.com.br\/index.php\/wp-json\/wp\/v2\/types\/post"}],"author":[{"embeddable":true,"href":"https:\/\/pinews.com.br\/index.php\/wp-json\/wp\/v2\/users\/4"}],"replies":[{"embeddable":true,"href":"https:\/\/pinews.com.br\/index.php\/wp-json\/wp\/v2\/comments?post=56339"}],"version-history":[{"count":1,"href":"https:\/\/pinews.com.br\/index.php\/wp-json\/wp\/v2\/posts\/56339\/revisions"}],"predecessor-version":[{"id":56341,"href":"https:\/\/pinews.com.br\/index.php\/wp-json\/wp\/v2\/posts\/56339\/revisions\/56341"}],"wp:featuredmedia":[{"embeddable":true,"href":"https:\/\/pinews.com.br\/index.php\/wp-json\/wp\/v2\/media\/56340"}],"wp:attachment":[{"href":"https:\/\/pinews.com.br\/index.php\/wp-json\/wp\/v2\/media?parent=56339"}],"wp:term":[{"taxonomy":"category","embeddable":true,"href":"https:\/\/pinews.com.br\/index.php\/wp-json\/wp\/v2\/categories?post=56339"},{"taxonomy":"post_tag","embeddable":true,"href":"https:\/\/pinews.com.br\/index.php\/wp-json\/wp\/v2\/tags?post=56339"}],"curies":[{"name":"wp","href":"https:\/\/api.w.org\/{rel}","templated":true}]}}