{"id":56358,"date":"2024-02-14T18:18:53","date_gmt":"2024-02-14T21:18:53","guid":{"rendered":"https:\/\/pinews.com.br\/?p=56358"},"modified":"2024-02-14T18:18:55","modified_gmt":"2024-02-14T21:18:55","slug":"foragido-da-justica-do-alagoas-por-nao-pagar-pensao-e-preso-no-piaui","status":"publish","type":"post","link":"https:\/\/pinews.com.br\/index.php\/2024\/02\/14\/foragido-da-justica-do-alagoas-por-nao-pagar-pensao-e-preso-no-piaui\/","title":{"rendered":"Foragido da Justi\u00e7a do Alagoas por n\u00e3o pagar pens\u00e3o \u00e9 preso no Piau\u00ed"},"content":{"rendered":"\n<p>Um foragido da Justi\u00e7a de Alagoas devido ao n\u00e3o pagamento de pens\u00e3o aliment\u00edcia foi preso na manh\u00e3 desta quarta-feira (13) pela Pol\u00edcia Rodovi\u00e1ria Federal (PRF), em Floriano, Sul do Piau\u00ed. O homem, de 31 anos, possu\u00eda um mandado de pris\u00e3o que estava em aberto desde dezembro do ano passado.<\/p>\n\n\n\n<p>De acordo com a PRF, a pris\u00e3o foi deflagrada na BR-230, quando o ve\u00edculo que o autor conduzia foi abordado durante fiscaliza\u00e7\u00e3o. Ap\u00f3s consultas aos sistemas, a equipe constatou o mandado de pris\u00e3o em aberto em desfavor do homem,\u00a0expedido em 12 de dezembro de 2023, pela 26\u00aa Vara C\u00edvel da Capital\/Fam\u00edlia, Macei\u00f3, por n\u00e3o pagamento de pens\u00e3o aliment\u00edcia.<\/p>\n\n\n\n<p>Diante da situa\u00e7\u00e3o, o homem, cuja a identidade n\u00e3o foi revelada, foi detido e encaminhado \u00e0 Delegacia de Pol\u00edcia Civil de Floriano para a realiza\u00e7\u00e3o dos procedimentos cab\u00edveis.<\/p>\n\n\n\n<p><strong>PRF no Piau\u00ed recupera ve\u00edculo 24 horas ap\u00f3s o roubo em Vit\u00f3ria (ES)<\/strong><\/p>\n\n\n\n<p>A Pol\u00edcia Rodovi\u00e1ria Federal (PRF), na manh\u00e3 da \u00faltima sexta-feira (09), apreendeu um ve\u00edculo que havia sido roubado em 8 de fevereiro deste ano, na cidade de Vit\u00f3ria, no Esp\u00edrito Santo.\u00a0O autom\u00f3vel estava sob condu\u00e7\u00e3o de um homem de 30 anos, que foi preso em flagrante por Recepta\u00e7\u00e3o Culposa.<\/p>\n\n\n\n<p>A ocorr\u00eancia foi registrada na BR-230, em Sucupira do Riach\u00e3o (MA), quando uma equipe abordou o referido ve\u00edculo, que transitava na rodovia sem respeitar o espa\u00e7o de seguran\u00e7a entre\u00a0os demais ve\u00edculos em deslocamento ap\u00f3s uma curva.<\/p>\n\n\n\n<p>Durante a abordagem e a solicita\u00e7\u00e3o da documenta\u00e7\u00e3o do ve\u00edculo, o condutor informou que o autom\u00f3vel era alugado, tendo sido retirado na cidade de Recife (PE).Mediante consultas nos sistemas, os agentes verificaram que o\u00a0ve\u00edculo em quest\u00e3o possu\u00eda uma restri\u00e7\u00e3o de roubo e furto, com data de 08\/02\/2024, registrado em Vit\u00f3ria (ES).<\/p>\n\n\n\n<p>Diante dos fatos, o homem e o ve\u00edculo foram conduzidos para a Delegacia de Pol\u00edcia Civil de S\u00e3o Jo\u00e3o dos Patos, para que os procedimentos cab\u00edveis que o caso requer fossem devidamente adotados.<strong>\u00a0C<\/strong>onforme o Artigo 180 do C\u00f3digo Penal, o homem responder\u00e1, em princ\u00edpio, por Recepta\u00e7\u00e3o Culposa.<\/p>\n\n\n\n<p><strong>Fonte: Meio Norte<\/strong><\/p>\n","protected":false},"excerpt":{"rendered":"<p>Um foragido da Justi\u00e7a de Alagoas devido ao n\u00e3o pagamento de pens\u00e3o aliment\u00edcia foi preso na manh\u00e3 desta quarta-feira (13) pela Pol\u00edcia Rodovi\u00e1ria Federal (PRF), em Floriano, Sul do Piau\u00ed. O homem, de 31 anos, possu\u00eda um mandado de pris\u00e3o que estava em aberto desde dezembro do ano passado. De acordo com a PRF, a [&hellip;]<\/p>\n","protected":false},"author":4,"featured_media":56359,"comment_status":"open","ping_status":"open","sticky":false,"template":"","format":"standard","meta":{"beyondwords_generate_audio":"1","beyondwords_project_id":"","beyondwords_podcast_id":"","beyondwords_hash":"","beyondwords_error_message":"","beyondwords_disabled":"","publish_post_to_speechkit":"","speechkit_generate_audio":"","speechkit_project_id":"","speechkit_podcast_id":"","speechkit_hash":"","speechkit_error_message":"","speechkit_disabled":"","speechkit_access_key":"","speechkit_error":"","speechkit_info":"","speechkit_response":"","speechkit_retries":"","_speechkit_link":"","_speechkit_text":""},"categories":[51,78],"tags":[7683,122,72,1041,1097,653,5712,1772,52,59,79],"jetpack_featured_media_url":"https:\/\/pinews.com.br\/wp-content\/uploads\/2024\/02\/foragido-da-justica-do-alagoas-por-nao-pagar-pensao-e-preso-no-piaui-69430f2e-ef91-41f0-83e5-7f4f68e00bf4.webp","_links":{"self":[{"href":"https:\/\/pinews.com.br\/index.php\/wp-json\/wp\/v2\/posts\/56358"}],"collection":[{"href":"https:\/\/pinews.com.br\/index.php\/wp-json\/wp\/v2\/posts"}],"about":[{"href":"https:\/\/pinews.com.br\/index.php\/wp-json\/wp\/v2\/types\/post"}],"author":[{"embeddable":true,"href":"https:\/\/pinews.com.br\/index.php\/wp-json\/wp\/v2\/users\/4"}],"replies":[{"embeddable":true,"href":"https:\/\/pinews.com.br\/index.php\/wp-json\/wp\/v2\/comments?post=56358"}],"version-history":[{"count":1,"href":"https:\/\/pinews.com.br\/index.php\/wp-json\/wp\/v2\/posts\/56358\/revisions"}],"predecessor-version":[{"id":56360,"href":"https:\/\/pinews.com.br\/index.php\/wp-json\/wp\/v2\/posts\/56358\/revisions\/56360"}],"wp:featuredmedia":[{"embeddable":true,"href":"https:\/\/pinews.com.br\/index.php\/wp-json\/wp\/v2\/media\/56359"}],"wp:attachment":[{"href":"https:\/\/pinews.com.br\/index.php\/wp-json\/wp\/v2\/media?parent=56358"}],"wp:term":[{"taxonomy":"category","embeddable":true,"href":"https:\/\/pinews.com.br\/index.php\/wp-json\/wp\/v2\/categories?post=56358"},{"taxonomy":"post_tag","embeddable":true,"href":"https:\/\/pinews.com.br\/index.php\/wp-json\/wp\/v2\/tags?post=56358"}],"curies":[{"name":"wp","href":"https:\/\/api.w.org\/{rel}","templated":true}]}}