{"id":56625,"date":"2024-02-29T18:34:42","date_gmt":"2024-02-29T21:34:42","guid":{"rendered":"https:\/\/pinews.com.br\/?p=56625"},"modified":"2024-02-29T18:34:44","modified_gmt":"2024-02-29T21:34:44","slug":"condenado-por-assassinar-tres-pessoas-da-mesma-familia-no-piaui-e-preso-em-goias","status":"publish","type":"post","link":"https:\/\/pinews.com.br\/index.php\/2024\/02\/29\/condenado-por-assassinar-tres-pessoas-da-mesma-familia-no-piaui-e-preso-em-goias\/","title":{"rendered":"Condenado por assassinar tr\u00eas pessoas da mesma fam\u00edlia no Piau\u00ed \u00e9 preso em Goi\u00e1s"},"content":{"rendered":"\n<p>Arenaldo Jos\u00e9 de Sousa foi preso na quarta-feira (28), no assentamento Bocaina, na Zona Rural de\u00a0Flores de Goi\u00e1s (GO). O homem \u00e9 acusado de ter assassinado um pai e dois filhos no ano de 2008, no munic\u00edpio de\u00a0Caracol, a 789 km de Teresina.<\/p>\n\n\n\n<p>Conforme o documento, o homem cometeu o crime no dia 15 de novembro de 2008. Na ocasi\u00e3o, conforme a pol\u00edcia na \u00e9poca Arenaldo estava visivelmente embriagado, foi at\u00e9 um bar, e&nbsp;sem motiva\u00e7\u00f5es aparentes sacou um rev\u00f3lver e matou Diomar dos Santos, com quem tinha um desentendimento pessoal.<\/p>\n\n\n\n<p>Ap\u00f3s o primeiro assassinato, o acusado foi para casa no mesmo bairro onde cometeu o crime e foi surpreendido por Tomaz dos Santos e Claudivan dos Santos, pai e irm\u00e3o da primeira v\u00edtima, respectivamente. Armados,\u00a0os familiares entraram em luta corporal com Arenaldo, que conseguiu matar ambos com golpes de foice e tiros.<\/p>\n\n\n\n<p>Com a pris\u00e3o, o homem foi conduzido para o sistema prisional goiano, onde seguir\u00e1 \u00e0 disposi\u00e7\u00e3o do Poder Judici\u00e1rio.<\/p>\n\n\n\n<h2>Condenado por homic\u00eddio triplamente qualificado<\/h2>\n\n\n\n<p>Em 2009, Arenaldo Jos\u00e9 de Sousa foi condenado pelo homic\u00eddio triplamente qualificado, com os agravantes de motivo f\u00fatil, meio cruel e trai\u00e7\u00e3o.<\/p>\n\n\n\n<p><strong>Fonte: G1 PI <\/strong><\/p>\n","protected":false},"excerpt":{"rendered":"<p>Arenaldo Jos\u00e9 de Sousa foi preso na quarta-feira (28), no assentamento Bocaina, na Zona Rural de\u00a0Flores de Goi\u00e1s (GO). O homem \u00e9 acusado de ter assassinado um pai e dois filhos no ano de 2008, no munic\u00edpio de\u00a0Caracol, a 789 km de Teresina. Conforme o documento, o homem cometeu o crime no dia 15 de [&hellip;]<\/p>\n","protected":false},"author":4,"featured_media":56626,"comment_status":"open","ping_status":"open","sticky":false,"template":"","format":"standard","meta":{"beyondwords_generate_audio":"1","beyondwords_project_id":"","beyondwords_podcast_id":"","beyondwords_hash":"","beyondwords_error_message":"","beyondwords_disabled":"","publish_post_to_speechkit":"","speechkit_generate_audio":"","speechkit_project_id":"","speechkit_podcast_id":"","speechkit_hash":"","speechkit_error_message":"","speechkit_disabled":"","speechkit_access_key":"","speechkit_error":"","speechkit_info":"","speechkit_response":"","speechkit_retries":"","_speechkit_link":"","_speechkit_text":""},"categories":[134,51,78],"tags":[5892,474,122,72,46,244,797,741,259,52,59,79,239],"jetpack_featured_media_url":"https:\/\/pinews.com.br\/wp-content\/uploads\/2024\/02\/e94e0e69-fd36-48da-a78b-aff49953a7cc.jpg","_links":{"self":[{"href":"https:\/\/pinews.com.br\/index.php\/wp-json\/wp\/v2\/posts\/56625"}],"collection":[{"href":"https:\/\/pinews.com.br\/index.php\/wp-json\/wp\/v2\/posts"}],"about":[{"href":"https:\/\/pinews.com.br\/index.php\/wp-json\/wp\/v2\/types\/post"}],"author":[{"embeddable":true,"href":"https:\/\/pinews.com.br\/index.php\/wp-json\/wp\/v2\/users\/4"}],"replies":[{"embeddable":true,"href":"https:\/\/pinews.com.br\/index.php\/wp-json\/wp\/v2\/comments?post=56625"}],"version-history":[{"count":1,"href":"https:\/\/pinews.com.br\/index.php\/wp-json\/wp\/v2\/posts\/56625\/revisions"}],"predecessor-version":[{"id":56627,"href":"https:\/\/pinews.com.br\/index.php\/wp-json\/wp\/v2\/posts\/56625\/revisions\/56627"}],"wp:featuredmedia":[{"embeddable":true,"href":"https:\/\/pinews.com.br\/index.php\/wp-json\/wp\/v2\/media\/56626"}],"wp:attachment":[{"href":"https:\/\/pinews.com.br\/index.php\/wp-json\/wp\/v2\/media?parent=56625"}],"wp:term":[{"taxonomy":"category","embeddable":true,"href":"https:\/\/pinews.com.br\/index.php\/wp-json\/wp\/v2\/categories?post=56625"},{"taxonomy":"post_tag","embeddable":true,"href":"https:\/\/pinews.com.br\/index.php\/wp-json\/wp\/v2\/tags?post=56625"}],"curies":[{"name":"wp","href":"https:\/\/api.w.org\/{rel}","templated":true}]}}