{"id":56730,"date":"2024-03-06T17:47:07","date_gmt":"2024-03-06T20:47:07","guid":{"rendered":"https:\/\/pinews.com.br\/?p=56730"},"modified":"2024-03-06T17:47:09","modified_gmt":"2024-03-06T20:47:09","slug":"teto-de-sala-de-aula-desaba-e-crianca-tem-fratura-de-clavicula-no-piaui-outras-16-ficaram-feridas","status":"publish","type":"post","link":"https:\/\/pinews.com.br\/index.php\/2024\/03\/06\/teto-de-sala-de-aula-desaba-e-crianca-tem-fratura-de-clavicula-no-piaui-outras-16-ficaram-feridas\/","title":{"rendered":"Teto de sala de aula desaba e crian\u00e7a tem fratura de clav\u00edcula no Piau\u00ed; outras 16 ficaram feridas"},"content":{"rendered":"\n<p>Uma crian\u00e7a de 12 anos sofreu uma fratura de clav\u00edcula e outras 16 ficaram levemente feridas depois que o teto de uma sala de aula desabou na manh\u00e3 desta quarta-feira (6) em\u00a0Luzil\u00e2ndia, Norte do Piau\u00ed.<\/p>\n\n\n\n<p>O acidente aconteceu por volta das 8h30 em uma escola particular da cidade. O teto da sala em que as crian\u00e7as estavam assistindo \u00e0 aula desabou completamente e a equipe da pr\u00f3pria escola socorreu os alunos e levou ao hospital.<\/p>\n\n\n\n<figure class=\"wp-block-image\"><img decoding=\"async\" src=\"https:\/\/s2-g1.glbimg.com\/erMe-QbJoZXBJLNTj2Oxv2VDo3s=\/0x0:1023x576\/984x0\/smart\/filters:strip_icc()\/i.s3.glbimg.com\/v1\/AUTH_59edd422c0c84a879bd37670ae4f538a\/internal_photos\/bs\/2024\/K\/C\/70SsCATqy7htIuSb9NvA\/whatsapp-image-2024-03-06-at-12.23.58.jpeg\" alt=\"Apenas duas crian\u00e7as permanecem internadas ap\u00f3s teto de escola desabar \u2014 Foto: Reprodu\u00e7\u00e3o\/Luzil\u00e2ndia News\"\/><figcaption class=\"wp-element-caption\">Apenas duas crian\u00e7as permanecem internadas ap\u00f3s teto de escola desabar \u2014 Foto: Reprodu\u00e7\u00e3o\/Luzil\u00e2ndia News<\/figcaption><\/figure>\n\n\n\n<p>Em nota, a Secretaria de Estado da Sa\u00fade (Sesapi) informou que as crian\u00e7as tiveram, na maioria, ferimentos leves e foram liberadas em seguida ap\u00f3s atendimento no Hospital Estadual Gerson Castelo Branco (HEGCB).<\/p>\n\n\n\n<p>Apenas duas permanecem internadas. Uma delas sofreu fratura de clav\u00edcula e outra ainda vai passar por tomografia. As duas est\u00e3o est\u00e1veis e sem gravidade.<\/p>\n\n\n\n<p><strong>Fonte: G1 PI <\/strong><\/p>\n","protected":false},"excerpt":{"rendered":"<p>Uma crian\u00e7a de 12 anos sofreu uma fratura de clav\u00edcula e outras 16 ficaram levemente feridas depois que o teto de uma sala de aula desabou na manh\u00e3 desta quarta-feira (6) em\u00a0Luzil\u00e2ndia, Norte do Piau\u00ed. O acidente aconteceu por volta das 8h30 em uma escola particular da cidade. O teto da sala em que as [&hellip;]<\/p>\n","protected":false},"author":4,"featured_media":56731,"comment_status":"open","ping_status":"open","sticky":false,"template":"","format":"standard","meta":{"beyondwords_generate_audio":"1","beyondwords_project_id":"","beyondwords_podcast_id":"","beyondwords_hash":"","beyondwords_error_message":"","beyondwords_disabled":"","publish_post_to_speechkit":"","speechkit_generate_audio":"","speechkit_project_id":"","speechkit_podcast_id":"","speechkit_hash":"","speechkit_error_message":"","speechkit_disabled":"","speechkit_access_key":"","speechkit_error":"","speechkit_info":"","speechkit_response":"","speechkit_retries":"","_speechkit_link":"","_speechkit_text":""},"categories":[51],"tags":[175,5485,1025,221,44,1654,257,10364,161,638,52,1002,60,462],"jetpack_featured_media_url":"https:\/\/pinews.com.br\/wp-content\/uploads\/2024\/03\/sala-d-aula-teto.jpg","_links":{"self":[{"href":"https:\/\/pinews.com.br\/index.php\/wp-json\/wp\/v2\/posts\/56730"}],"collection":[{"href":"https:\/\/pinews.com.br\/index.php\/wp-json\/wp\/v2\/posts"}],"about":[{"href":"https:\/\/pinews.com.br\/index.php\/wp-json\/wp\/v2\/types\/post"}],"author":[{"embeddable":true,"href":"https:\/\/pinews.com.br\/index.php\/wp-json\/wp\/v2\/users\/4"}],"replies":[{"embeddable":true,"href":"https:\/\/pinews.com.br\/index.php\/wp-json\/wp\/v2\/comments?post=56730"}],"version-history":[{"count":1,"href":"https:\/\/pinews.com.br\/index.php\/wp-json\/wp\/v2\/posts\/56730\/revisions"}],"predecessor-version":[{"id":56732,"href":"https:\/\/pinews.com.br\/index.php\/wp-json\/wp\/v2\/posts\/56730\/revisions\/56732"}],"wp:featuredmedia":[{"embeddable":true,"href":"https:\/\/pinews.com.br\/index.php\/wp-json\/wp\/v2\/media\/56731"}],"wp:attachment":[{"href":"https:\/\/pinews.com.br\/index.php\/wp-json\/wp\/v2\/media?parent=56730"}],"wp:term":[{"taxonomy":"category","embeddable":true,"href":"https:\/\/pinews.com.br\/index.php\/wp-json\/wp\/v2\/categories?post=56730"},{"taxonomy":"post_tag","embeddable":true,"href":"https:\/\/pinews.com.br\/index.php\/wp-json\/wp\/v2\/tags?post=56730"}],"curies":[{"name":"wp","href":"https:\/\/api.w.org\/{rel}","templated":true}]}}