{"id":56735,"date":"2024-03-06T20:54:26","date_gmt":"2024-03-06T23:54:26","guid":{"rendered":"https:\/\/pinews.com.br\/?p=56735"},"modified":"2024-03-06T20:54:28","modified_gmt":"2024-03-06T23:54:28","slug":"vizinho-e-preso-suspeito-de-estuprar-menina-durante-seis-anos-em-marcolandia-irma-de-vitima-tambem-foi-assediada","status":"publish","type":"post","link":"https:\/\/pinews.com.br\/index.php\/2024\/03\/06\/vizinho-e-preso-suspeito-de-estuprar-menina-durante-seis-anos-em-marcolandia-irma-de-vitima-tambem-foi-assediada\/","title":{"rendered":"Vizinho \u00e9 preso suspeito de estuprar menina durante seis anos em Marcol\u00e2ndia; irm\u00e3 de v\u00edtima tamb\u00e9m foi assediada"},"content":{"rendered":"\n<p>Um\u00a0homem de 37 anos\u00a0foi preso nesta quarta-feira (6) suspeito de estuprar uma menina de 13 anos durante seis anos em\u00a0Marcol\u00e2ndia, a 418 km de Teresina. Segundo o delegado Juarez Paiva, respons\u00e1vel pelo caso, a irm\u00e3 da v\u00edtima tamb\u00e9m foi assediada.<\/p>\n\n\n\n<p>Ao\u00a0g1, o delegado disse que o suspeito n\u00e3o tinha nenhum grau de parentesco com as meninas, ele era vizinho da fam\u00edlia.<\/p>\n\n\n\n<p>A investiga\u00e7\u00e3o descobriu que a menina come\u00e7ou a ser v\u00edtima dos abusos aos 7 anos, e se estenderam at\u00e9 ela completar 13. Durante esse tempo, o homem tentou tamb\u00e9m abusar sexualmente da irm\u00e3 da menina.<\/p>\n\n\n\n<blockquote class=\"wp-block-quote\">\n<p>&#8220;Foram tamb\u00e9m obtidas informa\u00e7\u00f5es, no decorrer das investiga\u00e7\u00f5es, de que uma irm\u00e3 da v\u00edtima, atualmente maior de idade, tamb\u00e9m foi v\u00edtima de tentativa de abusos sexuais cometidas pelo mesmo autor, quando ela ainda era menor&#8221;, disse.<\/p>\n<\/blockquote>\n\n\n\n<p>O suspeito foi preso sob mandado de pris\u00e3o preventiva ap\u00f3s investiga\u00e7\u00f5es da Pol\u00edcia Civil de\u00a0Sim\u00f5es, onde o delegado Juarez \u00e9 titular.<\/p>\n\n\n\n<p><strong>Fonte: G1 PI<\/strong> <\/p>\n","protected":false},"excerpt":{"rendered":"<p>Um\u00a0homem de 37 anos\u00a0foi preso nesta quarta-feira (6) suspeito de estuprar uma menina de 13 anos durante seis anos em\u00a0Marcol\u00e2ndia, a 418 km de Teresina. Segundo o delegado Juarez Paiva, respons\u00e1vel pelo caso, a irm\u00e3 da v\u00edtima tamb\u00e9m foi assediada. Ao\u00a0g1, o delegado disse que o suspeito n\u00e3o tinha nenhum grau de parentesco com as [&hellip;]<\/p>\n","protected":false},"author":1,"featured_media":56736,"comment_status":"open","ping_status":"open","sticky":false,"template":"","format":"standard","meta":{"beyondwords_generate_audio":"1","beyondwords_project_id":"","beyondwords_podcast_id":"","beyondwords_hash":"","beyondwords_error_message":"","beyondwords_disabled":"","publish_post_to_speechkit":"","speechkit_generate_audio":"","speechkit_project_id":"","speechkit_podcast_id":"","speechkit_hash":"","speechkit_error_message":"","speechkit_disabled":"","speechkit_access_key":"","speechkit_error":"","speechkit_info":"","speechkit_response":"","speechkit_retries":"","_speechkit_link":"","_speechkit_text":""},"categories":[536,124,51,78],"tags":[82,12107,44,45,72,46,348,1066,752,535,1207,79,676,130,5547,285,1257],"jetpack_featured_media_url":"https:\/\/pinews.com.br\/wp-content\/uploads\/2024\/03\/img-5062.jpg","_links":{"self":[{"href":"https:\/\/pinews.com.br\/index.php\/wp-json\/wp\/v2\/posts\/56735"}],"collection":[{"href":"https:\/\/pinews.com.br\/index.php\/wp-json\/wp\/v2\/posts"}],"about":[{"href":"https:\/\/pinews.com.br\/index.php\/wp-json\/wp\/v2\/types\/post"}],"author":[{"embeddable":true,"href":"https:\/\/pinews.com.br\/index.php\/wp-json\/wp\/v2\/users\/1"}],"replies":[{"embeddable":true,"href":"https:\/\/pinews.com.br\/index.php\/wp-json\/wp\/v2\/comments?post=56735"}],"version-history":[{"count":1,"href":"https:\/\/pinews.com.br\/index.php\/wp-json\/wp\/v2\/posts\/56735\/revisions"}],"predecessor-version":[{"id":56737,"href":"https:\/\/pinews.com.br\/index.php\/wp-json\/wp\/v2\/posts\/56735\/revisions\/56737"}],"wp:featuredmedia":[{"embeddable":true,"href":"https:\/\/pinews.com.br\/index.php\/wp-json\/wp\/v2\/media\/56736"}],"wp:attachment":[{"href":"https:\/\/pinews.com.br\/index.php\/wp-json\/wp\/v2\/media?parent=56735"}],"wp:term":[{"taxonomy":"category","embeddable":true,"href":"https:\/\/pinews.com.br\/index.php\/wp-json\/wp\/v2\/categories?post=56735"},{"taxonomy":"post_tag","embeddable":true,"href":"https:\/\/pinews.com.br\/index.php\/wp-json\/wp\/v2\/tags?post=56735"}],"curies":[{"name":"wp","href":"https:\/\/api.w.org\/{rel}","templated":true}]}}