{"id":56829,"date":"2024-03-12T18:27:26","date_gmt":"2024-03-12T21:27:26","guid":{"rendered":"https:\/\/pinews.com.br\/?p=56829"},"modified":"2024-03-12T18:27:28","modified_gmt":"2024-03-12T21:27:28","slug":"homem-e-preso-por-receptacao-de-maquina-de-lavar-em-fronteiras","status":"publish","type":"post","link":"https:\/\/pinews.com.br\/index.php\/2024\/03\/12\/homem-e-preso-por-receptacao-de-maquina-de-lavar-em-fronteiras\/","title":{"rendered":"Homem \u00e9 preso por recepta\u00e7\u00e3o de m\u00e1quina de lavar em Fronteiras"},"content":{"rendered":"\n<p>Na \u00faltima sexta-feira, 08 de mar\u00e7o, um homem foi detido na cidade de Fronteiras por envolvimento no furto e recepta\u00e7\u00e3o de uma m\u00e1quina de lavar.<\/p>\n\n\n\n<p>O incidente ocorreu na noite anterior, 07 de mar\u00e7o, quando o indiv\u00edduo em quest\u00e3o furtou o eletrodom\u00e9stico da resid\u00eancia de sua vizinha e posteriormente o negociou com um comerciante local. Apesar do acionamento da Pol\u00edcia Militar pela v\u00edtima no dia do ocorrido, o objeto n\u00e3o foi localizado naquele momento.<\/p>\n\n\n\n<p>No dia seguinte, o pr\u00f3prio autor do furto, cujo nome n\u00e3o foi divulgado, se apresentou voluntariamente \u00e0 Pol\u00edcia Militar para confessar sua participa\u00e7\u00e3o no crime. Ele forneceu detalhes sobre o ocorrido e admitiu ter consumido bebida alco\u00f3lica na ocasi\u00e3o.<\/p>\n\n\n\n<p>A confiss\u00e3o do suspeito tamb\u00e9m possibilitou \u00e0s autoridades identificarem o comprador da m\u00e1quina, o que permitiu localizar o comerciante envolvido. Ap\u00f3s investiga\u00e7\u00e3o adicional, constatou-se que o comerciante estava, de fato, na posse do objeto furtado.<\/p>\n\n\n\n<p>Diante dessas informa\u00e7\u00f5es, o comerciante foi preso em flagrante pelo crime de recepta\u00e7\u00e3o e encaminhado \u00e0 Delegacia de Fronteiras para os devidos procedimentos legais.<\/p>\n\n\n\n<p><strong>Fonte: Folha Atual<\/strong><\/p>\n","protected":false},"excerpt":{"rendered":"<p>Na \u00faltima sexta-feira, 08 de mar\u00e7o, um homem foi detido na cidade de Fronteiras por envolvimento no furto e recepta\u00e7\u00e3o de uma m\u00e1quina de lavar. O incidente ocorreu na noite anterior, 07 de mar\u00e7o, quando o indiv\u00edduo em quest\u00e3o furtou o eletrodom\u00e9stico da resid\u00eancia de sua vizinha e posteriormente o negociou com um comerciante local. [&hellip;]<\/p>\n","protected":false},"author":1,"featured_media":52902,"comment_status":"open","ping_status":"open","sticky":false,"template":"","format":"standard","meta":{"beyondwords_generate_audio":"1","beyondwords_project_id":"","beyondwords_podcast_id":"","beyondwords_hash":"","beyondwords_error_message":"","beyondwords_disabled":"","publish_post_to_speechkit":"","speechkit_generate_audio":"","speechkit_project_id":"","speechkit_podcast_id":"","speechkit_hash":"","speechkit_error_message":"","speechkit_disabled":"","speechkit_access_key":"","speechkit_error":"","speechkit_info":"","speechkit_response":"","speechkit_retries":"","_speechkit_link":"","_speechkit_text":""},"categories":[11312,124,51,78],"tags":[44,72,46,184,84,6428,943,59,79,989],"jetpack_featured_media_url":"https:\/\/pinews.com.br\/wp-content\/uploads\/2023\/09\/policia-militar_1550492627205717411.jpg","_links":{"self":[{"href":"https:\/\/pinews.com.br\/index.php\/wp-json\/wp\/v2\/posts\/56829"}],"collection":[{"href":"https:\/\/pinews.com.br\/index.php\/wp-json\/wp\/v2\/posts"}],"about":[{"href":"https:\/\/pinews.com.br\/index.php\/wp-json\/wp\/v2\/types\/post"}],"author":[{"embeddable":true,"href":"https:\/\/pinews.com.br\/index.php\/wp-json\/wp\/v2\/users\/1"}],"replies":[{"embeddable":true,"href":"https:\/\/pinews.com.br\/index.php\/wp-json\/wp\/v2\/comments?post=56829"}],"version-history":[{"count":1,"href":"https:\/\/pinews.com.br\/index.php\/wp-json\/wp\/v2\/posts\/56829\/revisions"}],"predecessor-version":[{"id":56830,"href":"https:\/\/pinews.com.br\/index.php\/wp-json\/wp\/v2\/posts\/56829\/revisions\/56830"}],"wp:featuredmedia":[{"embeddable":true,"href":"https:\/\/pinews.com.br\/index.php\/wp-json\/wp\/v2\/media\/52902"}],"wp:attachment":[{"href":"https:\/\/pinews.com.br\/index.php\/wp-json\/wp\/v2\/media?parent=56829"}],"wp:term":[{"taxonomy":"category","embeddable":true,"href":"https:\/\/pinews.com.br\/index.php\/wp-json\/wp\/v2\/categories?post=56829"},{"taxonomy":"post_tag","embeddable":true,"href":"https:\/\/pinews.com.br\/index.php\/wp-json\/wp\/v2\/tags?post=56829"}],"curies":[{"name":"wp","href":"https:\/\/api.w.org\/{rel}","templated":true}]}}