{"id":56851,"date":"2024-03-13T14:11:46","date_gmt":"2024-03-13T17:11:46","guid":{"rendered":"https:\/\/pinews.com.br\/?p=56851"},"modified":"2024-03-13T14:11:47","modified_gmt":"2024-03-13T17:11:47","slug":"governo-antecipa-decimo-terceiro-de-aposentados-e-pensionistas","status":"publish","type":"post","link":"https:\/\/pinews.com.br\/index.php\/2024\/03\/13\/governo-antecipa-decimo-terceiro-de-aposentados-e-pensionistas\/","title":{"rendered":"Governo antecipa d\u00e9cimo terceiro de aposentados e pensionistas"},"content":{"rendered":"\n<p>Decreto assinado pelo presidente Luiz In\u00e1cio Lula da Silva e publicado nesta quarta-feira (13) no&nbsp;<a href=\"https:\/\/www.in.gov.br\/en\/web\/dou\/-\/decreto-n-11.947-de-12-de-marco-de-2024-548022270\" target=\"_blank\" rel=\"noreferrer noopener\"><em>Di\u00e1rio Oficial da Uni\u00e3o<\/em><\/a>&nbsp;antecipa o pagamento do abono anual a aposentados e pensionistas, conhecido como d\u00e9cimo terceiro sal\u00e1rio de benefici\u00e1rios do Instituto Nacional do Seguro Social (INSS).<img decoding=\"async\" src=\"https:\/\/agenciabrasil.ebc.com.br\/ebc.png?id=1585445&amp;o=node\"><img decoding=\"async\" src=\"https:\/\/agenciabrasil.ebc.com.br\/ebc.gif?id=1585445&amp;o=node\"><\/p>\n\n\n\n<p>De acordo com o texto, a primeira&nbsp;parcela do abono anual ser\u00e1 paga na folha de abril e a segunda&nbsp;na folha de maio. T\u00eam direito ao benef\u00edcio segurados e dependentes da Previd\u00eancia Social que, durante o ano de 2024, tenham recebido aux\u00edlio por incapacidade tempor\u00e1ria, aux\u00edlio-acidente, aposentadoria, pens\u00e3o por morte ou aux\u00edlio-reclus\u00e3o.<\/p>\n\n\n\n<p>\u201cNa hip\u00f3tese de cessa\u00e7\u00e3o programada do benef\u00edcio antes de 31 de dezembro de 2024, ser\u00e1 pago o valor proporcional do abono anual ao benefici\u00e1rio\u201d, destaca\u00a0a publica\u00e7\u00e3o.<\/p>\n\n\n\n<p><strong>Fonte: Ag\u00eancia Brasil <\/strong><\/p>\n","protected":false},"excerpt":{"rendered":"<p>Decreto assinado pelo presidente Luiz In\u00e1cio Lula da Silva e publicado nesta quarta-feira (13) no&nbsp;Di\u00e1rio Oficial da Uni\u00e3o&nbsp;antecipa o pagamento do abono anual a aposentados e pensionistas, conhecido como d\u00e9cimo terceiro sal\u00e1rio de benefici\u00e1rios do Instituto Nacional do Seguro Social (INSS). De acordo com o texto, a primeira&nbsp;parcela do abono anual ser\u00e1 paga na folha [&hellip;]<\/p>\n","protected":false},"author":1,"featured_media":56852,"comment_status":"open","ping_status":"open","sticky":false,"template":"","format":"standard","meta":{"beyondwords_generate_audio":"1","beyondwords_project_id":"","beyondwords_podcast_id":"","beyondwords_hash":"","beyondwords_error_message":"","beyondwords_disabled":"","publish_post_to_speechkit":"","speechkit_generate_audio":"","speechkit_project_id":"","speechkit_podcast_id":"","speechkit_hash":"","speechkit_error_message":"","speechkit_disabled":"","speechkit_access_key":"","speechkit_error":"","speechkit_info":"","speechkit_response":"","speechkit_retries":"","_speechkit_link":"","_speechkit_text":""},"categories":[516,134],"tags":[7463,5764,44,8363,458,7813,6168],"jetpack_featured_media_url":"https:\/\/pinews.com.br\/wp-content\/uploads\/2024\/03\/images-14-21.jpeg","_links":{"self":[{"href":"https:\/\/pinews.com.br\/index.php\/wp-json\/wp\/v2\/posts\/56851"}],"collection":[{"href":"https:\/\/pinews.com.br\/index.php\/wp-json\/wp\/v2\/posts"}],"about":[{"href":"https:\/\/pinews.com.br\/index.php\/wp-json\/wp\/v2\/types\/post"}],"author":[{"embeddable":true,"href":"https:\/\/pinews.com.br\/index.php\/wp-json\/wp\/v2\/users\/1"}],"replies":[{"embeddable":true,"href":"https:\/\/pinews.com.br\/index.php\/wp-json\/wp\/v2\/comments?post=56851"}],"version-history":[{"count":1,"href":"https:\/\/pinews.com.br\/index.php\/wp-json\/wp\/v2\/posts\/56851\/revisions"}],"predecessor-version":[{"id":56853,"href":"https:\/\/pinews.com.br\/index.php\/wp-json\/wp\/v2\/posts\/56851\/revisions\/56853"}],"wp:featuredmedia":[{"embeddable":true,"href":"https:\/\/pinews.com.br\/index.php\/wp-json\/wp\/v2\/media\/56852"}],"wp:attachment":[{"href":"https:\/\/pinews.com.br\/index.php\/wp-json\/wp\/v2\/media?parent=56851"}],"wp:term":[{"taxonomy":"category","embeddable":true,"href":"https:\/\/pinews.com.br\/index.php\/wp-json\/wp\/v2\/categories?post=56851"},{"taxonomy":"post_tag","embeddable":true,"href":"https:\/\/pinews.com.br\/index.php\/wp-json\/wp\/v2\/tags?post=56851"}],"curies":[{"name":"wp","href":"https:\/\/api.w.org\/{rel}","templated":true}]}}