{"id":56939,"date":"2024-03-18T13:29:01","date_gmt":"2024-03-18T16:29:01","guid":{"rendered":"https:\/\/pinews.com.br\/?p=56939"},"modified":"2024-03-18T13:29:03","modified_gmt":"2024-03-18T16:29:03","slug":"apos-ser-baleado-em-confronto-com-pm-de-aroazes-homem-morre-no-hospital-de-picos","status":"publish","type":"post","link":"https:\/\/pinews.com.br\/index.php\/2024\/03\/18\/apos-ser-baleado-em-confronto-com-pm-de-aroazes-homem-morre-no-hospital-de-picos\/","title":{"rendered":"Ap\u00f3s ser baleado em confronto com PM de Aroazes, homem morre no hospital de Picos"},"content":{"rendered":"\n<p>Morreu neste domingo (17), no Hospital Regional Justino Luz, em Picos, um homem identificado por J.B. de A.S., 30 anos.\u00a0O paciente estava internado ap\u00f3s entrar em confronto com a pol\u00edcia na \u00faltima quarta-feira (13) e ser baleado no munic\u00edpio de Aroazes-PI, distante 140 km de Picos-PI.<\/p>\n\n\n\n<p>Segundo informa\u00e7\u00f5es do sub-comandante do 23\u00b0 Batalh\u00e3o de Pol\u00edcia Militar de Valen\u00e7a, Major Santos, o homem foi alvejado durante o atendimento \u00e0 uma ocorr\u00eancia em que o mesmo estava bastante agressivo, em &#8220;estado de surto&#8221; e amea\u00e7ava familiares.<\/p>\n\n\n\n<p>&#8220;A Pol\u00edcia foi acionada por volta de 23h20, ap\u00f3s J.B. de A.S., estar bastante agressivo dentro de casa, supostamente sob efeito de \u00e1lcool. Segundo familiares, ele vinha apresentando comportamentos tipo &#8220;surto&#8221;. A guarni\u00e7\u00e3o ao chegar, parou a viatura pr\u00f3ximo a resid\u00eancia e um familiar foi relatar o que estava acontecendo. Foi quando o homem saiu com um fac\u00e3o, tipo trincha, e partiu para cima do familiar. Nisso, o policial desceu a viatura e o verbalizou, a\u00ed o homem partiu para cima do policial que n\u00e3o respeitando a ordem verbal do policial foi necess\u00e1rio efetuar o disparo&#8221;, disse Major Santos.<\/p>\n\n\n\n<p>&nbsp;J.B. de A.S. partiu com agressividade para o policial e com o objetivo de cont\u00ea-lo, o PM efetuou um disparo que atingiu a regi\u00e3o abdominal. Foram ainda efetuados mais dois disparos na altura da perna.<\/p>\n\n\n\n<p>Diante do ocorrido, o policial acionou o servi\u00e7o de sa\u00fade de Aroazes que prestou socorro, encaminhando J.B.de A.S. para o munic\u00edpio de Valen\u00e7a-PI. Devido a gravidade do estado de sa\u00fade, o mesmo foi regulado para o hospital de Picos.<\/p>\n\n\n\n<p>J.B.de A.S. passou por procedimento cir\u00fargico e estava internado no Hospital de Picos vindo a \u00f3bito neste domingo (18).&nbsp;<\/p>\n\n\n\n<p>Major Santos ainda informou ao\u00a0<em>Cidadeverde.com\/picos<\/em>\u00a0que todos os procedimentos cab\u00edveis foram tomados e o caso foi encaminhado a Corregedoria da Pol\u00edcia Militar.\u00a0<\/p>\n\n\n\n<p><strong>Fonte: Paula Monize\/ Cidade Verde <\/strong><\/p>\n","protected":false},"excerpt":{"rendered":"<p>Morreu neste domingo (17), no Hospital Regional Justino Luz, em Picos, um homem identificado por J.B. de A.S., 30 anos.\u00a0O paciente estava internado ap\u00f3s entrar em confronto com a pol\u00edcia na \u00faltima quarta-feira (13) e ser baleado no munic\u00edpio de Aroazes-PI, distante 140 km de Picos-PI. Segundo informa\u00e7\u00f5es do sub-comandante do 23\u00b0 Batalh\u00e3o de Pol\u00edcia [&hellip;]<\/p>\n","protected":false},"author":4,"featured_media":56940,"comment_status":"open","ping_status":"open","sticky":false,"template":"","format":"standard","meta":{"beyondwords_generate_audio":"1","beyondwords_project_id":"","beyondwords_podcast_id":"","beyondwords_hash":"","beyondwords_error_message":"","beyondwords_disabled":"","publish_post_to_speechkit":"","speechkit_generate_audio":"","speechkit_project_id":"","speechkit_podcast_id":"","speechkit_hash":"","speechkit_error_message":"","speechkit_disabled":"","speechkit_access_key":"","speechkit_error":"","speechkit_info":"","speechkit_response":"","speechkit_retries":"","_speechkit_link":"","_speechkit_text":""},"categories":[51,126,78],"tags":[70,12123,854,944,44,46,84,339,119,125,313,139],"jetpack_featured_media_url":"https:\/\/pinews.com.br\/wp-content\/uploads\/2024\/03\/f36fb370759f29b59d184398fd51e285.jpg","_links":{"self":[{"href":"https:\/\/pinews.com.br\/index.php\/wp-json\/wp\/v2\/posts\/56939"}],"collection":[{"href":"https:\/\/pinews.com.br\/index.php\/wp-json\/wp\/v2\/posts"}],"about":[{"href":"https:\/\/pinews.com.br\/index.php\/wp-json\/wp\/v2\/types\/post"}],"author":[{"embeddable":true,"href":"https:\/\/pinews.com.br\/index.php\/wp-json\/wp\/v2\/users\/4"}],"replies":[{"embeddable":true,"href":"https:\/\/pinews.com.br\/index.php\/wp-json\/wp\/v2\/comments?post=56939"}],"version-history":[{"count":1,"href":"https:\/\/pinews.com.br\/index.php\/wp-json\/wp\/v2\/posts\/56939\/revisions"}],"predecessor-version":[{"id":56941,"href":"https:\/\/pinews.com.br\/index.php\/wp-json\/wp\/v2\/posts\/56939\/revisions\/56941"}],"wp:featuredmedia":[{"embeddable":true,"href":"https:\/\/pinews.com.br\/index.php\/wp-json\/wp\/v2\/media\/56940"}],"wp:attachment":[{"href":"https:\/\/pinews.com.br\/index.php\/wp-json\/wp\/v2\/media?parent=56939"}],"wp:term":[{"taxonomy":"category","embeddable":true,"href":"https:\/\/pinews.com.br\/index.php\/wp-json\/wp\/v2\/categories?post=56939"},{"taxonomy":"post_tag","embeddable":true,"href":"https:\/\/pinews.com.br\/index.php\/wp-json\/wp\/v2\/tags?post=56939"}],"curies":[{"name":"wp","href":"https:\/\/api.w.org\/{rel}","templated":true}]}}