{"id":56989,"date":"2024-03-20T18:27:56","date_gmt":"2024-03-20T21:27:56","guid":{"rendered":"https:\/\/pinews.com.br\/?p=56989"},"modified":"2024-03-20T18:27:57","modified_gmt":"2024-03-20T21:27:57","slug":"vaqueiro-e-jumento-morrem-eletrocutados-apos-animal-passar-por-cima-de-fio-no-piaui","status":"publish","type":"post","link":"https:\/\/pinews.com.br\/index.php\/2024\/03\/20\/vaqueiro-e-jumento-morrem-eletrocutados-apos-animal-passar-por-cima-de-fio-no-piaui\/","title":{"rendered":"Vaqueiro e jumento morrem eletrocutados ap\u00f3s animal passar por cima de fio no Piau\u00ed"},"content":{"rendered":"\n<p>Um indiv\u00edduo de nome Anast\u00e1cio Borges Leal, com 74 anos de idade, veio a \u00f3bito ap\u00f3s ser atingido por uma descarga el\u00e9trica intensa nesta quarta-feira (20) na comunidade de Buriti do Rei, situada na zona rural de Oeiras, no interior do Piau\u00ed.<\/p>\n\n\n\n<p>De acordo com relatos fornecidos pela Pol\u00edcia Militar (PM), Anast\u00e1cio estava montado em um animal quando este inadvertidamente pisou em um fio de alta voltagem que estava ao n\u00edvel do solo.<\/p>\n\n\n\n<p>O incidente ocorreu em uma \u00e1rea coberta por vegeta\u00e7\u00e3o densa. Enquanto Anast\u00e1cio estava montado em um jumento, o animal acabou pisando no fio energizado, resultando na eletrocuss\u00e3o tanto do animal quanto do homem. Infelizmente, nem Anast\u00e1cio nem o jumento conseguiram sobreviver aos ferimentos e vieram a falecer no local do acidente. O Instituto M\u00e9dico Legal (IML) foi chamado para realizar a remo\u00e7\u00e3o do corpo da v\u00edtima. A causa da queda do fio de energia ainda n\u00e3o foi determinada e est\u00e1 sujeita a investiga\u00e7\u00e3o.<\/p>\n\n\n\n<p><strong>Fonte: 180 graus<\/strong><\/p>\n","protected":false},"excerpt":{"rendered":"<p>Um indiv\u00edduo de nome Anast\u00e1cio Borges Leal, com 74 anos de idade, veio a \u00f3bito ap\u00f3s ser atingido por uma descarga el\u00e9trica intensa nesta quarta-feira (20) na comunidade de Buriti do Rei, situada na zona rural de Oeiras, no interior do Piau\u00ed. De acordo com relatos fornecidos pela Pol\u00edcia Militar (PM), Anast\u00e1cio estava montado em [&hellip;]<\/p>\n","protected":false},"author":4,"featured_media":56990,"comment_status":"open","ping_status":"open","sticky":false,"template":"","format":"standard","meta":{"beyondwords_generate_audio":"1","beyondwords_project_id":"","beyondwords_podcast_id":"","beyondwords_hash":"","beyondwords_error_message":"","beyondwords_disabled":"","publish_post_to_speechkit":"","speechkit_generate_audio":"","speechkit_project_id":"","speechkit_podcast_id":"","speechkit_hash":"","speechkit_error_message":"","speechkit_disabled":"","speechkit_access_key":"","speechkit_error":"","speechkit_info":"","speechkit_response":"","speechkit_retries":"","_speechkit_link":"","_speechkit_text":""},"categories":[51],"tags":[898,70,114,44,287,7138,11441,261,5500,52,59,7453],"jetpack_featured_media_url":"https:\/\/pinews.com.br\/wp-content\/uploads\/2024\/03\/vaqueiro-e-jumento-morrem_7714121701412781387.jpeg","_links":{"self":[{"href":"https:\/\/pinews.com.br\/index.php\/wp-json\/wp\/v2\/posts\/56989"}],"collection":[{"href":"https:\/\/pinews.com.br\/index.php\/wp-json\/wp\/v2\/posts"}],"about":[{"href":"https:\/\/pinews.com.br\/index.php\/wp-json\/wp\/v2\/types\/post"}],"author":[{"embeddable":true,"href":"https:\/\/pinews.com.br\/index.php\/wp-json\/wp\/v2\/users\/4"}],"replies":[{"embeddable":true,"href":"https:\/\/pinews.com.br\/index.php\/wp-json\/wp\/v2\/comments?post=56989"}],"version-history":[{"count":1,"href":"https:\/\/pinews.com.br\/index.php\/wp-json\/wp\/v2\/posts\/56989\/revisions"}],"predecessor-version":[{"id":56991,"href":"https:\/\/pinews.com.br\/index.php\/wp-json\/wp\/v2\/posts\/56989\/revisions\/56991"}],"wp:featuredmedia":[{"embeddable":true,"href":"https:\/\/pinews.com.br\/index.php\/wp-json\/wp\/v2\/media\/56990"}],"wp:attachment":[{"href":"https:\/\/pinews.com.br\/index.php\/wp-json\/wp\/v2\/media?parent=56989"}],"wp:term":[{"taxonomy":"category","embeddable":true,"href":"https:\/\/pinews.com.br\/index.php\/wp-json\/wp\/v2\/categories?post=56989"},{"taxonomy":"post_tag","embeddable":true,"href":"https:\/\/pinews.com.br\/index.php\/wp-json\/wp\/v2\/tags?post=56989"}],"curies":[{"name":"wp","href":"https:\/\/api.w.org\/{rel}","templated":true}]}}