{"id":57031,"date":"2024-03-23T12:36:29","date_gmt":"2024-03-23T15:36:29","guid":{"rendered":"https:\/\/pinews.com.br\/?p=57031"},"modified":"2024-03-23T12:36:31","modified_gmt":"2024-03-23T15:36:31","slug":"dois-detentos-sao-encontrados-mortos-em-celas-de-penitenciaria-no-piaui","status":"publish","type":"post","link":"https:\/\/pinews.com.br\/index.php\/2024\/03\/23\/dois-detentos-sao-encontrados-mortos-em-celas-de-penitenciaria-no-piaui\/","title":{"rendered":"Dois detentos s\u00e3o encontrados mortos em celas de penitenci\u00e1ria no Piau\u00ed"},"content":{"rendered":"\n<p>Dois detentos foram encontrados mortos na manh\u00e3 deste s\u00e1bado (23) na Casa de Cust\u00f3dia Prof. Jos\u00e9 de Ribamar, penitenci\u00e1ria que fica localizada no bairro Santo Ant\u00f4nio, zona Sul de Teresina.&nbsp;<\/p>\n\n\n\n<p>De acordo com as primeiras informa\u00e7\u00f5es, os dois internos foram encontrados mortos dentro das celas &#8211; eles estavam em celas separadas &#8211; no pavilh\u00e3o G da unidade. A Secretaria da Justi\u00e7a (Sejus) identificou os internos apenas pelas iniciais A. K. da S. O e I. da S. S. Segundo a nota da Sejus, o pavilh\u00e3o onde ocorreu o crime foi isolado para os trabalhos do Departamento de Homic\u00eddios e Prote\u00e7\u00e3o \u00e0 Pessoa (DHPP) da Pol\u00edcia Civil.<\/p>\n\n\n\n<p>Ao&nbsp;Cidadeverde.com, o delegado Francisco Costa &#8220;Bar\u00eatta&#8221;, coordenador do DHPP, confirmou que equipes est\u00e3o no local, e poder\u00e3o apontar se as mortes foram homic\u00eddios.<\/p>\n\n\n\n<p>Atualmente, segundo o presidente do Sindicato dos Agentes Penitenci\u00e1rios do Piau\u00ed (Sinpoljuspi), Vilobaldo Carvalho, a&nbsp;penitenci\u00e1ria tem 1.071 presos, quase 300% da capacidade da penitenci\u00e1ria, que \u00e9 de 336 internos. As celas onde os mortos foram encontrados, no pavilh\u00e3o G, tinham capacidade para quatro internos cada, mas tinham 11 e 6 detentos, respectivamente. Ainda conforme o presidente, a penitenci\u00e1ria atualmente n\u00e3o consegue fazer a divis\u00e3o em pavilh\u00f5es por tipo de crime.<\/p>\n\n\n\n<p>&#8220;Nessa situa\u00e7\u00e3o de superlota\u00e7\u00e3o \u00e9 praticamente imposs\u00edvel separar por tipo de crime, por reincidente ou n\u00e3o, a superlota\u00e7\u00e3o inviabiliza isso, fica complicado separar&#8221;, disse ao\u00a0Cidadeverde.com.<\/p>\n\n\n\n<p>Ainda conforme o presidente, os corpos foram encontrados amarrados em len\u00e7\u00f3is nas grades das celas, no entanto, considera que \u00e9 prov\u00e1vel que eles tenham sido mortos pelos outros detentos e tenham feito a simula\u00e7\u00e3o para que parecesse suic\u00eddio. No entanto, a Pol\u00edcia Civil dever\u00e1 esclarecer o que de fato aconteceu.<\/p>\n\n\n\n<p>&#8220;Aparece como se fosse enforcamento, mas a gente sabe, isso acontece de praxe, estrangula, e coloca ele pendurado pelo len\u00e7ol na grade para tenta supor que ele cometeu suic\u00eddio. Mas normalmente, esses casos a gente j\u00e9 sabe que \u00e9 feito dessa forma, como simula\u00e7\u00e3o de suic\u00eddio, mas a investiga\u00e7\u00e3o aprofunda e v\u00ea que foram homic\u00eddios&#8221;, citou.<\/p>\n\n\n\n<blockquote class=\"wp-block-quote\">\n<p><strong>Nota da Secretaria da Justi\u00e7a<\/strong><\/p>\n\n\n\n<p><br>A Secretaria da Justi\u00e7a informa que dois internos da Penitenci\u00e1ria Prof. Jos\u00e9 Ribamar Leite foram encontrados pelo plant\u00e3o mortos na cela no in\u00edcio da manh\u00e3 deste s\u00e1bado (23), identificados pelas iniciais A. K. da S. O. e I. da S. S.&nbsp;<\/p>\n\n\n\n<p>O pavilh\u00e3o e a cela onde aconteceu o fato encontram-se isolados para os trabalhos de per\u00edcia e o caso ser\u00e1 investigado pelo DHPP- Departamento de Homic\u00eddios e Prote\u00e7\u00e3o \u00e0 Pessoa.<\/p>\n\n\n\n<p>A Sejus informa que o Servi\u00e7o Social est\u00e1 dando todo o apoio \u00e0s fam\u00edlias.<\/p>\n<\/blockquote>\n\n\n\n<p><strong>Fonte: Cidade Verde <\/strong><\/p>\n","protected":false},"excerpt":{"rendered":"<p>Dois detentos foram encontrados mortos na manh\u00e3 deste s\u00e1bado (23) na Casa de Cust\u00f3dia Prof. Jos\u00e9 de Ribamar, penitenci\u00e1ria que fica localizada no bairro Santo Ant\u00f4nio, zona Sul de Teresina.&nbsp; De acordo com as primeiras informa\u00e7\u00f5es, os dois internos foram encontrados mortos dentro das celas &#8211; eles estavam em celas separadas &#8211; no pavilh\u00e3o G [&hellip;]<\/p>\n","protected":false},"author":4,"featured_media":57035,"comment_status":"open","ping_status":"open","sticky":false,"template":"","format":"standard","meta":{"beyondwords_generate_audio":"1","beyondwords_project_id":"","beyondwords_podcast_id":"","beyondwords_hash":"","beyondwords_error_message":"","beyondwords_disabled":"","publish_post_to_speechkit":"","speechkit_generate_audio":"","speechkit_project_id":"","speechkit_podcast_id":"","speechkit_hash":"","speechkit_error_message":"","speechkit_disabled":"","speechkit_access_key":"","speechkit_error":"","speechkit_info":"","speechkit_response":"","speechkit_retries":"","_speechkit_link":"","_speechkit_text":""},"categories":[51,78],"tags":[12136,44,2259,106,46,896,759,1417,52,362],"jetpack_featured_media_url":"https:\/\/pinews.com.br\/wp-content\/uploads\/2024\/03\/18f8a08b37837771a69eac5a7bd71079.jpg","_links":{"self":[{"href":"https:\/\/pinews.com.br\/index.php\/wp-json\/wp\/v2\/posts\/57031"}],"collection":[{"href":"https:\/\/pinews.com.br\/index.php\/wp-json\/wp\/v2\/posts"}],"about":[{"href":"https:\/\/pinews.com.br\/index.php\/wp-json\/wp\/v2\/types\/post"}],"author":[{"embeddable":true,"href":"https:\/\/pinews.com.br\/index.php\/wp-json\/wp\/v2\/users\/4"}],"replies":[{"embeddable":true,"href":"https:\/\/pinews.com.br\/index.php\/wp-json\/wp\/v2\/comments?post=57031"}],"version-history":[{"count":1,"href":"https:\/\/pinews.com.br\/index.php\/wp-json\/wp\/v2\/posts\/57031\/revisions"}],"predecessor-version":[{"id":57040,"href":"https:\/\/pinews.com.br\/index.php\/wp-json\/wp\/v2\/posts\/57031\/revisions\/57040"}],"wp:featuredmedia":[{"embeddable":true,"href":"https:\/\/pinews.com.br\/index.php\/wp-json\/wp\/v2\/media\/57035"}],"wp:attachment":[{"href":"https:\/\/pinews.com.br\/index.php\/wp-json\/wp\/v2\/media?parent=57031"}],"wp:term":[{"taxonomy":"category","embeddable":true,"href":"https:\/\/pinews.com.br\/index.php\/wp-json\/wp\/v2\/categories?post=57031"},{"taxonomy":"post_tag","embeddable":true,"href":"https:\/\/pinews.com.br\/index.php\/wp-json\/wp\/v2\/tags?post=57031"}],"curies":[{"name":"wp","href":"https:\/\/api.w.org\/{rel}","templated":true}]}}