{"id":57093,"date":"2024-03-25T14:03:04","date_gmt":"2024-03-25T17:03:04","guid":{"rendered":"https:\/\/pinews.com.br\/?p=57093"},"modified":"2024-03-25T14:03:07","modified_gmt":"2024-03-25T17:03:07","slug":"suspeito-de-assalto-e-morto-apos-troca-de-tiros-com-policiais-militares-no-piaui","status":"publish","type":"post","link":"https:\/\/pinews.com.br\/index.php\/2024\/03\/25\/suspeito-de-assalto-e-morto-apos-troca-de-tiros-com-policiais-militares-no-piaui\/","title":{"rendered":"Suspeito de assalto \u00e9 morto ap\u00f3s troca de tiros com policiais militares no Piau\u00ed"},"content":{"rendered":"\n<p>Um suspeito de realizar assaltos, identificado como Ant\u00f4nio Janu\u00e1rio de Oliveira, foi morto ap\u00f3s atirar contra policiais militares durante uma persegui\u00e7\u00e3o policial na cidade de Alto Long\u00e1.<\/p>\n\n\n\n<p>Segundo a Pol\u00edcia Militar, na noite de s\u00e1bado (23) por volta das 20h, na cidade de Novo Santo Ant\u00f4nio, tr\u00eas bandidos com armas de fogo invadiram uma resid\u00eancia, fizeram algumas pessoas de ref\u00e9m e depois levaram cerca de R$ 60 mil, dois aparelhos telef\u00f4nicos, um carro e uma motocicleta.<\/p>\n\n\n\n<p>Quando os policiais foram informados sobre o crime, montaram uma barreira policial na estrada que liga as cidades de Novo Santo Ant\u00f4nio e Alto Long\u00e1. Logo os tr\u00eas suspeitos foram localizados, mas eles n\u00e3o obedeceram \u00e0 ordem de parada e ent\u00e3o foi iniciada uma persegui\u00e7\u00e3o.<\/p>\n\n\n\n<blockquote class=\"wp-block-quote\">\n<p>\u201cOs indiv\u00edduos logo abandonaram a motocicleta e passaram a empreender fuga em regi\u00e3o de mata. No local, al\u00e9m da moto, os indiv\u00edduos se desfizeram de uma bolsa contendo dinheiro aparentemente subtra\u00eddos das v\u00edtimas e uma arma de fogo tipo rev\u00f3lver cal .22 com sete muni\u00e7\u00f5es n\u00e3o deflagradas e dois celulares\u201d, informou a PM.<\/p>\n<\/blockquote>\n\n\n\n<figure class=\"wp-block-image\"><img decoding=\"async\" src=\"https:\/\/cidadeverde.com\/assets\/uploads\/noticias\/03eca587e7ac2925926f564d8abe6270.jpg\" alt=\"\"\/><figcaption class=\"wp-element-caption\">Carro abandonado\/ Foto: Reprodu\u00e7\u00e3o <\/figcaption><\/figure>\n\n\n\n<p>Na \u00e1rea de mata os policiais seguiram atr\u00e1s dos suspeitos, foi\u00a0quando ocorreu uma troca de tiros na localidade Marin\u00f3polis, zona rural de Alto Long\u00e1, j\u00e1 na madrugada do domingo (24).<\/p>\n\n\n\n<p>\u201cFizemos uma incurs\u00e3o na \u00e1rea com o objetivo de localizar e prender os indiv\u00edduos, momento em que diversos disparos de arma de fogo foram efetuados contra a guarni\u00e7\u00e3o policial, tendo sido necess\u00e1rio repelir a injusta agress\u00e3o atrav\u00e9s de disparos, de arma de fogo, ocorrendo intenso confronto entre policiais e criminosos. Na madrugada do dia 24, aproximadamente 3h, ap\u00f3s pedido de refor\u00e7o policial, foi localizado um indiv\u00edduo alvejado com disparo de arma de fogo. De imediato o socorremos para o hospital municipal de Alto Long\u00e1\u201d, destacou a PM.<\/p>\n\n\n\n<p>Com ele os policiais encontraram uma arma de fogo tipo rev\u00f3lver calibre 38 contendo quatro muni\u00e7\u00f5es n\u00e3o deflagradas e dois estojos de muni\u00e7\u00f5es deflagradas, e um aparelho celular. Outra arma ainda foi encontrada pr\u00f3xima ao local.<\/p>\n\n\n\n<p>Ant\u00f4nio Janu\u00e1rio de Oliveira foi socorrido para o hospital, mas n\u00e3o resistiu aos ferimentos e morreu. Os outros dois suspeitos fugiram. Todos os objetos apreendidos, inclusive o dinheiro recuperado, foram encaminhados para a Pol\u00edcia Civil em Alto Long\u00e1.<\/p>\n\n\n\n<p><strong>Fonte: B\u00e1rbara Rodrigues\/ Cidade Verde<\/strong> <\/p>\n","protected":false},"excerpt":{"rendered":"<p>Um suspeito de realizar assaltos, identificado como Ant\u00f4nio Janu\u00e1rio de Oliveira, foi morto ap\u00f3s atirar contra policiais militares durante uma persegui\u00e7\u00e3o policial na cidade de Alto Long\u00e1. Segundo a Pol\u00edcia Militar, na noite de s\u00e1bado (23) por volta das 20h, na cidade de Novo Santo Ant\u00f4nio, tr\u00eas bandidos com armas de fogo invadiram uma resid\u00eancia, [&hellip;]<\/p>\n","protected":false},"author":4,"featured_media":57094,"comment_status":"open","ping_status":"open","sticky":false,"template":"","format":"standard","meta":{"beyondwords_generate_audio":"1","beyondwords_project_id":"","beyondwords_podcast_id":"","beyondwords_hash":"","beyondwords_error_message":"","beyondwords_disabled":"","publish_post_to_speechkit":"","speechkit_generate_audio":"","speechkit_project_id":"","speechkit_podcast_id":"","speechkit_hash":"","speechkit_error_message":"","speechkit_disabled":"","speechkit_access_key":"","speechkit_error":"","speechkit_info":"","speechkit_response":"","speechkit_retries":"","_speechkit_link":"","_speechkit_text":""},"categories":[51,78],"tags":[70,356,44,72,630,197,52,384,130,165,1163],"jetpack_featured_media_url":"https:\/\/pinews.com.br\/wp-content\/uploads\/2024\/03\/46ff9dc515b7fcd31f97bd9eb0495e35-1.jpg","_links":{"self":[{"href":"https:\/\/pinews.com.br\/index.php\/wp-json\/wp\/v2\/posts\/57093"}],"collection":[{"href":"https:\/\/pinews.com.br\/index.php\/wp-json\/wp\/v2\/posts"}],"about":[{"href":"https:\/\/pinews.com.br\/index.php\/wp-json\/wp\/v2\/types\/post"}],"author":[{"embeddable":true,"href":"https:\/\/pinews.com.br\/index.php\/wp-json\/wp\/v2\/users\/4"}],"replies":[{"embeddable":true,"href":"https:\/\/pinews.com.br\/index.php\/wp-json\/wp\/v2\/comments?post=57093"}],"version-history":[{"count":1,"href":"https:\/\/pinews.com.br\/index.php\/wp-json\/wp\/v2\/posts\/57093\/revisions"}],"predecessor-version":[{"id":57095,"href":"https:\/\/pinews.com.br\/index.php\/wp-json\/wp\/v2\/posts\/57093\/revisions\/57095"}],"wp:featuredmedia":[{"embeddable":true,"href":"https:\/\/pinews.com.br\/index.php\/wp-json\/wp\/v2\/media\/57094"}],"wp:attachment":[{"href":"https:\/\/pinews.com.br\/index.php\/wp-json\/wp\/v2\/media?parent=57093"}],"wp:term":[{"taxonomy":"category","embeddable":true,"href":"https:\/\/pinews.com.br\/index.php\/wp-json\/wp\/v2\/categories?post=57093"},{"taxonomy":"post_tag","embeddable":true,"href":"https:\/\/pinews.com.br\/index.php\/wp-json\/wp\/v2\/tags?post=57093"}],"curies":[{"name":"wp","href":"https:\/\/api.w.org\/{rel}","templated":true}]}}