{"id":57176,"date":"2024-03-29T15:20:52","date_gmt":"2024-03-29T18:20:52","guid":{"rendered":"https:\/\/pinews.com.br\/?p=57176"},"modified":"2024-03-29T15:20:54","modified_gmt":"2024-03-29T18:20:54","slug":"sargento-da-pmpi-morre-ao-passar-mal-enquanto-dirigia-na-pi-112","status":"publish","type":"post","link":"https:\/\/pinews.com.br\/index.php\/2024\/03\/29\/sargento-da-pmpi-morre-ao-passar-mal-enquanto-dirigia-na-pi-112\/","title":{"rendered":"Sargento da PMPI morre ao passar mal enquanto dirigia na PI-112"},"content":{"rendered":"\n<p>Morreu nesta sexta-feira (29) o sargento da Pol\u00edcia Militar do Piau\u00ed, Ezediquias Alves de Sena, enquanto conduzia seu ve\u00edculo na PI-112, estrada que liga\u00a0Teresina\u00a0a\u00a0Uni\u00e3o. Ainda n\u00e3o se sabe qual a causa da morte.<\/p>\n\n\n\n<p>Conforme a corpora\u00e7\u00e3o, o policial passou mal ao volante e faleceu enquanto dirigia. O ve\u00edculo chegou a colidir contra um muro depois que o policial ficou desacordado.<\/p>\n\n\n\n<p>O corpo ser\u00e1 periciado pelo IML para determinar a causa da morte. Em nota, a PM lamentou o falecimento do policial que era lotado no Batalh\u00e3o Ambiental.<\/p>\n\n\n\n<p><strong>Veja nota da PM abaixo:<\/strong><\/p>\n\n\n\n<p><em>\u00c9 com imenso pesar que a Pol\u00edcia Militar do Piau\u00ed lamenta o falecimento de Ezediquias Alves de Sena, ocorrido nesta sexta-feira (29).<\/em><\/p>\n\n\n\n<p><em>Ezediquias, prestou relevantes servi\u00e7os \u00e0 sociedade piauiense e \u00e0 Pol\u00edcia Militar.<\/em><\/p>\n\n\n\n<p><em>O Comando-Geral e toda a Corpora\u00e7\u00e3o estendem condol\u00eancias \u00e0 fam\u00edlia e aos amigos enlutados, ao tempo em que espera que encontrem conforto diante de tamanha perda.<\/em><\/p>\n\n\n\n<figure class=\"wp-block-image\"><img decoding=\"async\" src=\"https:\/\/s2-g1.glbimg.com\/r1r_5YmEDsRrHDXDxcwaRvxx3ZQ=\/0x0:600x600\/984x0\/smart\/filters:strip_icc()\/i.s3.glbimg.com\/v1\/AUTH_59edd422c0c84a879bd37670ae4f538a\/internal_photos\/bs\/2024\/2\/R\/BFybnFQxqhmxD26zvBag\/pm-morre.png\" alt=\"Sargento da PM morre ao passar mal enquanto dirigia na PI-112 \u2014 Foto: Divulga\u00e7\u00e3o\/PMPI\"\/><figcaption class=\"wp-element-caption\">Sargento da PM morre ao passar mal enquanto dirigia na PI-112 \u2014 Foto: Divulga\u00e7\u00e3o\/PMPI<\/figcaption><\/figure>\n\n\n\n<p><strong>Fonte: G1 PI <\/strong><\/p>\n","protected":false},"excerpt":{"rendered":"<p>Morreu nesta sexta-feira (29) o sargento da Pol\u00edcia Militar do Piau\u00ed, Ezediquias Alves de Sena, enquanto conduzia seu ve\u00edculo na PI-112, estrada que liga\u00a0Teresina\u00a0a\u00a0Uni\u00e3o. Ainda n\u00e3o se sabe qual a causa da morte. Conforme a corpora\u00e7\u00e3o, o policial passou mal ao volante e faleceu enquanto dirigia. O ve\u00edculo chegou a colidir contra um muro depois [&hellip;]<\/p>\n","protected":false},"author":4,"featured_media":57177,"comment_status":"open","ping_status":"open","sticky":false,"template":"","format":"standard","meta":{"beyondwords_generate_audio":"1","beyondwords_project_id":"","beyondwords_podcast_id":"","beyondwords_hash":"","beyondwords_error_message":"","beyondwords_disabled":"","publish_post_to_speechkit":"","speechkit_generate_audio":"","speechkit_project_id":"","speechkit_podcast_id":"","speechkit_hash":"","speechkit_error_message":"","speechkit_disabled":"","speechkit_access_key":"","speechkit_error":"","speechkit_info":"","speechkit_response":"","speechkit_retries":"","_speechkit_link":"","_speechkit_text":""},"categories":[51],"tags":[132,122,7505,510,368,119,91,5500,7392,6066,1312],"jetpack_featured_media_url":"https:\/\/pinews.com.br\/wp-content\/uploads\/2024\/03\/whatsapp-image-2024-03-29-at-12.36.21.jpeg","_links":{"self":[{"href":"https:\/\/pinews.com.br\/index.php\/wp-json\/wp\/v2\/posts\/57176"}],"collection":[{"href":"https:\/\/pinews.com.br\/index.php\/wp-json\/wp\/v2\/posts"}],"about":[{"href":"https:\/\/pinews.com.br\/index.php\/wp-json\/wp\/v2\/types\/post"}],"author":[{"embeddable":true,"href":"https:\/\/pinews.com.br\/index.php\/wp-json\/wp\/v2\/users\/4"}],"replies":[{"embeddable":true,"href":"https:\/\/pinews.com.br\/index.php\/wp-json\/wp\/v2\/comments?post=57176"}],"version-history":[{"count":1,"href":"https:\/\/pinews.com.br\/index.php\/wp-json\/wp\/v2\/posts\/57176\/revisions"}],"predecessor-version":[{"id":57178,"href":"https:\/\/pinews.com.br\/index.php\/wp-json\/wp\/v2\/posts\/57176\/revisions\/57178"}],"wp:featuredmedia":[{"embeddable":true,"href":"https:\/\/pinews.com.br\/index.php\/wp-json\/wp\/v2\/media\/57177"}],"wp:attachment":[{"href":"https:\/\/pinews.com.br\/index.php\/wp-json\/wp\/v2\/media?parent=57176"}],"wp:term":[{"taxonomy":"category","embeddable":true,"href":"https:\/\/pinews.com.br\/index.php\/wp-json\/wp\/v2\/categories?post=57176"},{"taxonomy":"post_tag","embeddable":true,"href":"https:\/\/pinews.com.br\/index.php\/wp-json\/wp\/v2\/tags?post=57176"}],"curies":[{"name":"wp","href":"https:\/\/api.w.org\/{rel}","templated":true}]}}