{"id":57179,"date":"2024-03-29T21:19:26","date_gmt":"2024-03-30T00:19:26","guid":{"rendered":"https:\/\/pinews.com.br\/?p=57179"},"modified":"2024-03-29T21:19:28","modified_gmt":"2024-03-30T00:19:28","slug":"ex-presidiario-e-assassinado-com-cerca-de-20-tiros-no-litoral-do-piaui","status":"publish","type":"post","link":"https:\/\/pinews.com.br\/index.php\/2024\/03\/29\/ex-presidiario-e-assassinado-com-cerca-de-20-tiros-no-litoral-do-piaui\/","title":{"rendered":"Ex-presidi\u00e1rio \u00e9 assassinado com cerca de 20 tiros no litoral do Piau\u00ed"},"content":{"rendered":"\n<p>O ex-presidi\u00e1rio Ronaldo Santos da Silva, 36 anos, foi v\u00edtima de um assassinato brutal na regi\u00e3o do povoado Carneiro, zona rural de Lu\u00eds Correia-PI, na tarde desta quinta-feira (28\/03), por volta das 17h. Ronaldo, com um extenso hist\u00f3rico no submundo do crime, foi alvejado com cerca de 20 tiros. <\/p>\n\n\n\n<p>De acordo com informa\u00e7\u00f5es locais, Ronaldo Santos da Silva acumulava diversas passagens pelo sistema prisional por envolvimento em v\u00e1rios crimes. Contra ele, havia v\u00e1rios mandados de pris\u00e3o em aberto, e ele era conhecido por sua associa\u00e7\u00e3o com uma fac\u00e7\u00e3o criminosa atuante na regi\u00e3o.<\/p>\n\n\n\n<p>O corpo de Ronaldo foi removido para o Instituto M\u00e9dico Legal (IML) de Parna\u00edba para procedimentos legais. O caso segue sob investiga\u00e7\u00e3o pelas autoridades locais para esclarecer as circunst\u00e2ncias e motiva\u00e7\u00f5es desse assassinato.<\/p>\n\n\n\n<p><strong>Fonte: 180 graus\/ Com informa\u00e7\u00f5es do Portal Litoral Noticias<\/strong><\/p>\n","protected":false},"excerpt":{"rendered":"<p>O ex-presidi\u00e1rio Ronaldo Santos da Silva, 36 anos, foi v\u00edtima de um assassinato brutal na regi\u00e3o do povoado Carneiro, zona rural de Lu\u00eds Correia-PI, na tarde desta quinta-feira (28\/03), por volta das 17h. Ronaldo, com um extenso hist\u00f3rico no submundo do crime, foi alvejado com cerca de 20 tiros. De acordo com informa\u00e7\u00f5es locais, Ronaldo [&hellip;]<\/p>\n","protected":false},"author":4,"featured_media":57180,"comment_status":"open","ping_status":"open","sticky":false,"template":"","format":"standard","meta":{"beyondwords_generate_audio":"1","beyondwords_project_id":"","beyondwords_podcast_id":"","beyondwords_hash":"","beyondwords_error_message":"","beyondwords_disabled":"","publish_post_to_speechkit":"","speechkit_generate_audio":"","speechkit_project_id":"","speechkit_podcast_id":"","speechkit_hash":"","speechkit_error_message":"","speechkit_disabled":"","speechkit_access_key":"","speechkit_error":"","speechkit_info":"","speechkit_response":"","speechkit_retries":"","_speechkit_link":"","_speechkit_text":""},"categories":[51,78],"tags":[208,364,210,44,72,6935,202,52,165],"jetpack_featured_media_url":"https:\/\/pinews.com.br\/wp-content\/uploads\/2024\/03\/ronaldo-ladrao-001_-1159676031380325346.jpg","_links":{"self":[{"href":"https:\/\/pinews.com.br\/index.php\/wp-json\/wp\/v2\/posts\/57179"}],"collection":[{"href":"https:\/\/pinews.com.br\/index.php\/wp-json\/wp\/v2\/posts"}],"about":[{"href":"https:\/\/pinews.com.br\/index.php\/wp-json\/wp\/v2\/types\/post"}],"author":[{"embeddable":true,"href":"https:\/\/pinews.com.br\/index.php\/wp-json\/wp\/v2\/users\/4"}],"replies":[{"embeddable":true,"href":"https:\/\/pinews.com.br\/index.php\/wp-json\/wp\/v2\/comments?post=57179"}],"version-history":[{"count":1,"href":"https:\/\/pinews.com.br\/index.php\/wp-json\/wp\/v2\/posts\/57179\/revisions"}],"predecessor-version":[{"id":57181,"href":"https:\/\/pinews.com.br\/index.php\/wp-json\/wp\/v2\/posts\/57179\/revisions\/57181"}],"wp:featuredmedia":[{"embeddable":true,"href":"https:\/\/pinews.com.br\/index.php\/wp-json\/wp\/v2\/media\/57180"}],"wp:attachment":[{"href":"https:\/\/pinews.com.br\/index.php\/wp-json\/wp\/v2\/media?parent=57179"}],"wp:term":[{"taxonomy":"category","embeddable":true,"href":"https:\/\/pinews.com.br\/index.php\/wp-json\/wp\/v2\/categories?post=57179"},{"taxonomy":"post_tag","embeddable":true,"href":"https:\/\/pinews.com.br\/index.php\/wp-json\/wp\/v2\/tags?post=57179"}],"curies":[{"name":"wp","href":"https:\/\/api.w.org\/{rel}","templated":true}]}}