{"id":57248,"date":"2024-04-02T13:14:01","date_gmt":"2024-04-02T16:14:01","guid":{"rendered":"https:\/\/pinews.com.br\/?p=57248"},"modified":"2024-04-02T13:14:02","modified_gmt":"2024-04-02T16:14:02","slug":"filho-de-policial-militar-e-assassinado-a-tiros-dentro-de-residencia-no-piaui","status":"publish","type":"post","link":"https:\/\/pinews.com.br\/index.php\/2024\/04\/02\/filho-de-policial-militar-e-assassinado-a-tiros-dentro-de-residencia-no-piaui\/","title":{"rendered":"Filho de policial militar \u00e9 assassinado a tiros dentro de resid\u00eancia no Piau\u00ed"},"content":{"rendered":"\n<p>Um funcion\u00e1rio de telemarketing e filho de policial militar, identificado como Anderson Sime\u00e3o Alves Costa, 29 anos, foi assassinado a tiros na noite desta segunda-feira (1\u00ba), dentro da casa da namorada no bairro Pedra Mole, zona Leste de Teresina.<\/p>\n\n\n\n<p>Segundo informa\u00e7\u00f5es da pol\u00edcia, cinco homens armados invadiram a resid\u00eancia e atiraram contra a v\u00edtima, que estava no quarto com a namorada.<\/p>\n\n\n\n<p>Anderson Sime\u00e3o foi atingido com quatro tiros. Ele chegou a ser socorrido e encaminhado ao hospital do bairro Mocambinho, mas n\u00e3o resistiu aos ferimentos e veio a \u00f3bito.<\/p>\n\n\n\n<p>Al\u00e9m do casal, dentro da resid\u00eancia tamb\u00e9m estavam a sogra e a cunhada de Anderson e mais duas crian\u00e7as. Todos presenciaram o crime.&nbsp;<\/p>\n\n\n\n<p>Familiares informaram ainda que&nbsp;&nbsp;Anderson Sime\u00e3o n\u00e3o tem passagens pela pol\u00edcia.&nbsp;&nbsp;<\/p>\n\n\n\n<p>O Departamento de Homic\u00eddios e Prote\u00e7\u00e3o \u00e0 Pessoa (DHPP) investiga o caso.<\/p>\n\n\n\n<p><strong>Fonte: Rebeca Lima e Tiago Melo (TV Cidade Verde)\/ Cidade Verde <\/strong><\/p>\n","protected":false},"excerpt":{"rendered":"<p>Um funcion\u00e1rio de telemarketing e filho de policial militar, identificado como Anderson Sime\u00e3o Alves Costa, 29 anos, foi assassinado a tiros na noite desta segunda-feira (1\u00ba), dentro da casa da namorada no bairro Pedra Mole, zona Leste de Teresina. Segundo informa\u00e7\u00f5es da pol\u00edcia, cinco homens armados invadiram a resid\u00eancia e atiraram contra a v\u00edtima, que [&hellip;]<\/p>\n","protected":false},"author":4,"featured_media":57249,"comment_status":"open","ping_status":"open","sticky":false,"template":"","format":"standard","meta":{"beyondwords_generate_audio":"1","beyondwords_project_id":"","beyondwords_podcast_id":"","beyondwords_hash":"","beyondwords_error_message":"","beyondwords_disabled":"","publish_post_to_speechkit":"","speechkit_generate_audio":"","speechkit_project_id":"","speechkit_podcast_id":"","speechkit_hash":"","speechkit_error_message":"","speechkit_disabled":"","speechkit_access_key":"","speechkit_error":"","speechkit_info":"","speechkit_response":"","speechkit_retries":"","_speechkit_link":"","_speechkit_text":""},"categories":[51,78,81],"tags":[364,44,192,72,289,1349,52,613,324,165],"jetpack_featured_media_url":"https:\/\/pinews.com.br\/wp-content\/uploads\/2024\/04\/e9e82b0ad618319bda65701f7d9b2099.jpg","_links":{"self":[{"href":"https:\/\/pinews.com.br\/index.php\/wp-json\/wp\/v2\/posts\/57248"}],"collection":[{"href":"https:\/\/pinews.com.br\/index.php\/wp-json\/wp\/v2\/posts"}],"about":[{"href":"https:\/\/pinews.com.br\/index.php\/wp-json\/wp\/v2\/types\/post"}],"author":[{"embeddable":true,"href":"https:\/\/pinews.com.br\/index.php\/wp-json\/wp\/v2\/users\/4"}],"replies":[{"embeddable":true,"href":"https:\/\/pinews.com.br\/index.php\/wp-json\/wp\/v2\/comments?post=57248"}],"version-history":[{"count":1,"href":"https:\/\/pinews.com.br\/index.php\/wp-json\/wp\/v2\/posts\/57248\/revisions"}],"predecessor-version":[{"id":57250,"href":"https:\/\/pinews.com.br\/index.php\/wp-json\/wp\/v2\/posts\/57248\/revisions\/57250"}],"wp:featuredmedia":[{"embeddable":true,"href":"https:\/\/pinews.com.br\/index.php\/wp-json\/wp\/v2\/media\/57249"}],"wp:attachment":[{"href":"https:\/\/pinews.com.br\/index.php\/wp-json\/wp\/v2\/media?parent=57248"}],"wp:term":[{"taxonomy":"category","embeddable":true,"href":"https:\/\/pinews.com.br\/index.php\/wp-json\/wp\/v2\/categories?post=57248"},{"taxonomy":"post_tag","embeddable":true,"href":"https:\/\/pinews.com.br\/index.php\/wp-json\/wp\/v2\/tags?post=57248"}],"curies":[{"name":"wp","href":"https:\/\/api.w.org\/{rel}","templated":true}]}}