{"id":57401,"date":"2024-04-10T13:04:20","date_gmt":"2024-04-10T16:04:20","guid":{"rendered":"https:\/\/pinews.com.br\/?p=57401"},"modified":"2024-04-10T13:05:22","modified_gmt":"2024-04-10T16:05:22","slug":"jovem-gravida-morre-apos-sofrer-convulsao-no-piaui-vitima-tinha-18-anos","status":"publish","type":"post","link":"https:\/\/pinews.com.br\/index.php\/2024\/04\/10\/jovem-gravida-morre-apos-sofrer-convulsao-no-piaui-vitima-tinha-18-anos\/","title":{"rendered":"Jovem gr\u00e1vida morre ap\u00f3s sofrer convuls\u00e3o no Piau\u00ed; v\u00edtima tinha 18 anos"},"content":{"rendered":"\n<p>Na noite da \u00faltima ter\u00e7a-feira (09\/04), uma jovem de apenas 18 anos, identificada como Carla Daniela Evaristo da Silva, faleceu em Castelo do Piau\u00ed ap\u00f3s sofrer uma convuls\u00e3o. Ela estava gr\u00e1vida de um menino.<\/p>\n\n\n\n<p>Segundo informa\u00e7\u00f5es, Carla passou mal por volta do meio dia e foi levada \u00e0s pressas ao hospital. No entanto, n\u00e3o resistiu \u00e0 forte convuls\u00e3o e faleceu.<\/p>\n\n\n\n<p>A morte da jovem causou grande como\u00e7\u00e3o na comunidade local. Carla era conhecida por sua alegria e gentileza.<\/p>\n\n\n\n<p>Fam\u00edlia e amigos est\u00e3o inconsol\u00e1veis com a perda.<\/p>\n\n\n\n<p>Ainda n\u00e3o h\u00e1 informa\u00e7\u00f5es sobre o que teria causado a convuls\u00e3o. A fam\u00edlia aguarda o resultado de exames para saber o que aconteceu.<\/p>\n\n\n\n<p>Nas redes sociais, amigos e familiares prestam homenagens \u00e0 jovem.<\/p>\n\n\n\n<p>&#8220;Uma menina t\u00e3o linda e cheia de vida. Vai deixar saudades imensas&#8221;, escreveu uma amiga.<\/p>\n\n\n\n<p>&#8220;Descanse em paz, Carla. Voc\u00ea estar\u00e1 sempre em nossos cora\u00e7\u00f5es&#8221;, disse um familiar.<\/p>\n\n\n\n<p><strong>Fonte:&nbsp;Com informa\u00e7\u00f5es do WebTvCastelo\/ 180 graus<\/strong><\/p>\n","protected":false},"excerpt":{"rendered":"<p>Na noite da \u00faltima ter\u00e7a-feira (09\/04), uma jovem de apenas 18 anos, identificada como Carla Daniela Evaristo da Silva, faleceu em Castelo do Piau\u00ed ap\u00f3s sofrer uma convuls\u00e3o. Ela estava gr\u00e1vida de um menino. Segundo informa\u00e7\u00f5es, Carla passou mal por volta do meio dia e foi levada \u00e0s pressas ao hospital. No entanto, n\u00e3o resistiu [&hellip;]<\/p>\n","protected":false},"author":4,"featured_media":57404,"comment_status":"open","ping_status":"open","sticky":false,"template":"","format":"standard","meta":{"beyondwords_generate_audio":"1","beyondwords_project_id":"","beyondwords_podcast_id":"","beyondwords_hash":"","beyondwords_error_message":"","beyondwords_disabled":"","publish_post_to_speechkit":"","speechkit_generate_audio":"","speechkit_project_id":"","speechkit_podcast_id":"","speechkit_hash":"","speechkit_error_message":"","speechkit_disabled":"","speechkit_access_key":"","speechkit_error":"","speechkit_info":"","speechkit_response":"","speechkit_retries":"","_speechkit_link":"","_speechkit_text":""},"categories":[51],"tags":[981,82,70,11808,585,266,119,52,354,5320,285],"jetpack_featured_media_url":"https:\/\/pinews.com.br\/wp-content\/uploads\/2024\/04\/img_6085_-7877305461266988763-1.jpeg","_links":{"self":[{"href":"https:\/\/pinews.com.br\/index.php\/wp-json\/wp\/v2\/posts\/57401"}],"collection":[{"href":"https:\/\/pinews.com.br\/index.php\/wp-json\/wp\/v2\/posts"}],"about":[{"href":"https:\/\/pinews.com.br\/index.php\/wp-json\/wp\/v2\/types\/post"}],"author":[{"embeddable":true,"href":"https:\/\/pinews.com.br\/index.php\/wp-json\/wp\/v2\/users\/4"}],"replies":[{"embeddable":true,"href":"https:\/\/pinews.com.br\/index.php\/wp-json\/wp\/v2\/comments?post=57401"}],"version-history":[{"count":2,"href":"https:\/\/pinews.com.br\/index.php\/wp-json\/wp\/v2\/posts\/57401\/revisions"}],"predecessor-version":[{"id":57405,"href":"https:\/\/pinews.com.br\/index.php\/wp-json\/wp\/v2\/posts\/57401\/revisions\/57405"}],"wp:featuredmedia":[{"embeddable":true,"href":"https:\/\/pinews.com.br\/index.php\/wp-json\/wp\/v2\/media\/57404"}],"wp:attachment":[{"href":"https:\/\/pinews.com.br\/index.php\/wp-json\/wp\/v2\/media?parent=57401"}],"wp:term":[{"taxonomy":"category","embeddable":true,"href":"https:\/\/pinews.com.br\/index.php\/wp-json\/wp\/v2\/categories?post=57401"},{"taxonomy":"post_tag","embeddable":true,"href":"https:\/\/pinews.com.br\/index.php\/wp-json\/wp\/v2\/tags?post=57401"}],"curies":[{"name":"wp","href":"https:\/\/api.w.org\/{rel}","templated":true}]}}