{"id":57556,"date":"2024-04-17T18:31:55","date_gmt":"2024-04-17T21:31:55","guid":{"rendered":"https:\/\/pinews.com.br\/?p=57556"},"modified":"2024-04-17T18:31:58","modified_gmt":"2024-04-17T21:31:58","slug":"irmaos-sao-presos-suspeitos-de-estuprar-sobrinha-de-11-anos-no-piaui","status":"publish","type":"post","link":"https:\/\/pinews.com.br\/index.php\/2024\/04\/17\/irmaos-sao-presos-suspeitos-de-estuprar-sobrinha-de-11-anos-no-piaui\/","title":{"rendered":"Irm\u00e3os s\u00e3o presos suspeitos de estuprar sobrinha de 11 anos no Piau\u00ed"},"content":{"rendered":"\n<p>Dois irm\u00e3os paternos, que n\u00e3o tiveram as identidades reveladas, foram presos nesta quarta-feira (17), suspeitos de estuprarem a pr\u00f3pria sobrinha, uma adolescente de 14 anos, no Povoado Riacho da Vaca, zona rural do munic\u00edpio de Naz\u00e1ria. O mandado de pris\u00e3o foi expedido pela Ju\u00edza de Direito da Comarca de Demerval Lob\u00e3o.&nbsp;<\/p>\n\n\n\n<p>Segundo a delegada Eliane Morgado, os abusos teriam come\u00e7ado no ano de 2020, quando a v\u00edtima tinha apenas 11 anos de idade. O crime s\u00f3 veio a tona ap\u00f3s a adolescente relatar o caso na escola onde estuda. A situa\u00e7\u00e3o foi notificada ao Conselho Tutelar, que reportou a situa\u00e7\u00e3o as autoridades policiais.<\/p>\n\n\n\n<p>\u201cA crian\u00e7a teria relatado o fato na escola onde estuda, no munic\u00edpio de Naz\u00e1ria, e a escola entrou em contato com a m\u00e3e e ela procurou o Conselho Tutelar de Naz\u00e1ria sendo que o Conselho informou os fatos atrav\u00e9s de relat\u00f3rio, no meio do ano de 2023, \u00e0 Delegacia de Naz\u00e1ria\u201d, explicou a delegada.\u00a0<\/p>\n\n\n\n<p><strong>Fonte: Breno Moreno\/ Cidade Verde <\/strong><\/p>\n","protected":false},"excerpt":{"rendered":"<p>Dois irm\u00e3os paternos, que n\u00e3o tiveram as identidades reveladas, foram presos nesta quarta-feira (17), suspeitos de estuprarem a pr\u00f3pria sobrinha, uma adolescente de 14 anos, no Povoado Riacho da Vaca, zona rural do munic\u00edpio de Naz\u00e1ria. O mandado de pris\u00e3o foi expedido pela Ju\u00edza de Direito da Comarca de Demerval Lob\u00e3o.&nbsp; Segundo a delegada Eliane [&hellip;]<\/p>\n","protected":false},"author":4,"featured_media":57557,"comment_status":"open","ping_status":"open","sticky":false,"template":"","format":"standard","meta":{"beyondwords_generate_audio":"1","beyondwords_project_id":"","beyondwords_podcast_id":"","beyondwords_hash":"","beyondwords_error_message":"","beyondwords_disabled":"","publish_post_to_speechkit":"","speechkit_generate_audio":"","speechkit_project_id":"","speechkit_podcast_id":"","speechkit_hash":"","speechkit_error_message":"","speechkit_disabled":"","speechkit_access_key":"","speechkit_error":"","speechkit_info":"","speechkit_response":"","speechkit_retries":"","_speechkit_link":"","_speechkit_text":""},"categories":[51,78],"tags":[3631,82,44,348,1045,52,600,362,9736,497],"jetpack_featured_media_url":"https:\/\/pinews.com.br\/wp-content\/uploads\/2024\/04\/b76044d21dee1bb43d5ec354f4c20929.jpg","_links":{"self":[{"href":"https:\/\/pinews.com.br\/index.php\/wp-json\/wp\/v2\/posts\/57556"}],"collection":[{"href":"https:\/\/pinews.com.br\/index.php\/wp-json\/wp\/v2\/posts"}],"about":[{"href":"https:\/\/pinews.com.br\/index.php\/wp-json\/wp\/v2\/types\/post"}],"author":[{"embeddable":true,"href":"https:\/\/pinews.com.br\/index.php\/wp-json\/wp\/v2\/users\/4"}],"replies":[{"embeddable":true,"href":"https:\/\/pinews.com.br\/index.php\/wp-json\/wp\/v2\/comments?post=57556"}],"version-history":[{"count":1,"href":"https:\/\/pinews.com.br\/index.php\/wp-json\/wp\/v2\/posts\/57556\/revisions"}],"predecessor-version":[{"id":57558,"href":"https:\/\/pinews.com.br\/index.php\/wp-json\/wp\/v2\/posts\/57556\/revisions\/57558"}],"wp:featuredmedia":[{"embeddable":true,"href":"https:\/\/pinews.com.br\/index.php\/wp-json\/wp\/v2\/media\/57557"}],"wp:attachment":[{"href":"https:\/\/pinews.com.br\/index.php\/wp-json\/wp\/v2\/media?parent=57556"}],"wp:term":[{"taxonomy":"category","embeddable":true,"href":"https:\/\/pinews.com.br\/index.php\/wp-json\/wp\/v2\/categories?post=57556"},{"taxonomy":"post_tag","embeddable":true,"href":"https:\/\/pinews.com.br\/index.php\/wp-json\/wp\/v2\/tags?post=57556"}],"curies":[{"name":"wp","href":"https:\/\/api.w.org\/{rel}","templated":true}]}}