{"id":57568,"date":"2024-04-18T18:43:49","date_gmt":"2024-04-18T21:43:49","guid":{"rendered":"https:\/\/pinews.com.br\/?p=57568"},"modified":"2024-04-18T18:43:52","modified_gmt":"2024-04-18T21:43:52","slug":"sao-juliao-de-luto-jovem-thadeu-reginaldo-falece-e-comove-o-municipio","status":"publish","type":"post","link":"https:\/\/pinews.com.br\/index.php\/2024\/04\/18\/sao-juliao-de-luto-jovem-thadeu-reginaldo-falece-e-comove-o-municipio\/","title":{"rendered":"S\u00e3o Juli\u00e3o de luto: jovem Thadeu Reginaldo falece e comove o munic\u00edpio"},"content":{"rendered":"\n<p>O munic\u00edpio de S\u00e3o Juli\u00e3o encontra-se de luto. Faleceu nesta tarde de quinta-feira, 18 de abril, o jovem\u00a0Thadeu Reginaldo.<\/p>\n\n\n\n<p>De acordo com informa\u00e7\u00f5es repassadas \u00e0 nossa reda\u00e7\u00e3o, o jovem apresentou sintomas gripais seguidos de falta de ar e ap\u00f3s passar por consulta m\u00e9dica foi encaminhado para o Hospital Regional Justino Luz em Picos \u2013 PI.<\/p>\n\n\n\n<p>O quadro do jovem se agravou e ele acabou n\u00e3o resistindo e veio a \u00f3bito.<\/p>\n\n\n\n<p>Thadeu Reginaldo\u00a0tinha apenas 26 anos e era filho da\u00a0suplente de vereadora e agente de sa\u00fade An\u00edsia\u00a0e do\u00a0motorista Reginaldo.\u00a0Seu tr\u00e1gico falecimento comoveu todo o munic\u00edpio.<\/p>\n\n\n\n<figure class=\"wp-block-image\"><img decoding=\"async\" src=\"https:\/\/i0.wp.com\/www.portalenoticias.com.br\/wp-content\/uploads\/2024\/04\/ghghghghgh.jpg?fit=699%2C676&amp;ssl=1\" alt=\"\" class=\"wp-image-159568\"\/><figcaption class=\"wp-element-caption\">Thadeu Reginaldo com a fam\u00edlia\/ Foto: Reprodu\u00e7\u00e3o <\/figcaption><\/figure>\n\n\n\n<p><strong>Fonte: Portal \u00c9 Not\u00edcias <\/strong><\/p>\n","protected":false},"excerpt":{"rendered":"<p>O munic\u00edpio de S\u00e3o Juli\u00e3o encontra-se de luto. Faleceu nesta tarde de quinta-feira, 18 de abril, o jovem\u00a0Thadeu Reginaldo. De acordo com informa\u00e7\u00f5es repassadas \u00e0 nossa reda\u00e7\u00e3o, o jovem apresentou sintomas gripais seguidos de falta de ar e ap\u00f3s passar por consulta m\u00e9dica foi encaminhado para o Hospital Regional Justino Luz em Picos \u2013 PI. [&hellip;]<\/p>\n","protected":false},"author":4,"featured_media":57569,"comment_status":"open","ping_status":"open","sticky":false,"template":"","format":"standard","meta":{"beyondwords_generate_audio":"1","beyondwords_project_id":"","beyondwords_podcast_id":"","beyondwords_hash":"","beyondwords_error_message":"","beyondwords_disabled":"","publish_post_to_speechkit":"","speechkit_generate_audio":"","speechkit_project_id":"","speechkit_podcast_id":"","speechkit_hash":"","speechkit_error_message":"","speechkit_disabled":"","speechkit_access_key":"","speechkit_error":"","speechkit_info":"","speechkit_response":"","speechkit_retries":"","_speechkit_link":"","_speechkit_text":""},"categories":[124,51,500],"tags":[524,44,183,266,499,185,50,12176,362,12175],"jetpack_featured_media_url":"https:\/\/pinews.com.br\/wp-content\/uploads\/2024\/04\/hhhhhhhhhhhhrtr4tef.jpg","_links":{"self":[{"href":"https:\/\/pinews.com.br\/index.php\/wp-json\/wp\/v2\/posts\/57568"}],"collection":[{"href":"https:\/\/pinews.com.br\/index.php\/wp-json\/wp\/v2\/posts"}],"about":[{"href":"https:\/\/pinews.com.br\/index.php\/wp-json\/wp\/v2\/types\/post"}],"author":[{"embeddable":true,"href":"https:\/\/pinews.com.br\/index.php\/wp-json\/wp\/v2\/users\/4"}],"replies":[{"embeddable":true,"href":"https:\/\/pinews.com.br\/index.php\/wp-json\/wp\/v2\/comments?post=57568"}],"version-history":[{"count":1,"href":"https:\/\/pinews.com.br\/index.php\/wp-json\/wp\/v2\/posts\/57568\/revisions"}],"predecessor-version":[{"id":57570,"href":"https:\/\/pinews.com.br\/index.php\/wp-json\/wp\/v2\/posts\/57568\/revisions\/57570"}],"wp:featuredmedia":[{"embeddable":true,"href":"https:\/\/pinews.com.br\/index.php\/wp-json\/wp\/v2\/media\/57569"}],"wp:attachment":[{"href":"https:\/\/pinews.com.br\/index.php\/wp-json\/wp\/v2\/media?parent=57568"}],"wp:term":[{"taxonomy":"category","embeddable":true,"href":"https:\/\/pinews.com.br\/index.php\/wp-json\/wp\/v2\/categories?post=57568"},{"taxonomy":"post_tag","embeddable":true,"href":"https:\/\/pinews.com.br\/index.php\/wp-json\/wp\/v2\/tags?post=57568"}],"curies":[{"name":"wp","href":"https:\/\/api.w.org\/{rel}","templated":true}]}}