{"id":57643,"date":"2024-04-23T13:07:26","date_gmt":"2024-04-23T16:07:26","guid":{"rendered":"https:\/\/pinews.com.br\/?p=57643"},"modified":"2024-04-23T13:07:28","modified_gmt":"2024-04-23T16:07:28","slug":"jovem-fica-ferido-apos-colidir-moto-em-carreta-carregada-de-soja-no-piaui","status":"publish","type":"post","link":"https:\/\/pinews.com.br\/index.php\/2024\/04\/23\/jovem-fica-ferido-apos-colidir-moto-em-carreta-carregada-de-soja-no-piaui\/","title":{"rendered":"Jovem fica ferido ap\u00f3s colidir moto em carreta carregada de soja no Piau\u00ed"},"content":{"rendered":"\n<p>Um jovem identificado como Jorge Luiz ficou ferido ap\u00f3s colidir a moto que conduzia em uma carreta carregada de soja na rodovia PI-236, no trecho que liga as cidades de Hugo Napole\u00e3o a \u00c1gua Branca. O acidente aconteceu por volta das 21h desse domingo (21\/04).<\/p>\n\n\n\n<p>De acordo com informa\u00e7\u00f5es repassadas pela Pol\u00edcia Militar, o jovem seguia na motocicleta modelo Honda Bros retornando para Hugo Napole\u00e3o quando colidiu com uma carreta que fazia a convers\u00e3o para entrar na rodovia. O motorista n\u00e3o prestou socorro e tamb\u00e9m n\u00e3o foi identificado.<\/p>\n\n\n\n<p>O jovem foi socorrido por uma equipe do Servi\u00e7o de Atendimento M\u00f3vel de Urg\u00eancia (Samu) e foi levado para o Hospital Senador Dirceu Mendes Arcoverde, em \u00c1gua Branca, de onde foi transferido para o Hospital de Urg\u00eancia de Teresina (HUT). Seu estado de sa\u00fade n\u00e3o foi divulgado.<\/p>\n\n\n\n<p>Policiais de plant\u00e3o no GPM de Hugo Napole\u00e3o tentaram identificar o motorista da carreta, inclusive solicitando a identifica\u00e7\u00e3o do ve\u00edculo na fazenda onde o mesmo carregou o ve\u00edculo, mas at\u00e9 agora ele n\u00e3o foi identificado.<\/p>\n\n\n\n<p><strong>Fonte: Canal 121<\/strong><\/p>\n","protected":false},"excerpt":{"rendered":"<p>Um jovem identificado como Jorge Luiz ficou ferido ap\u00f3s colidir a moto que conduzia em uma carreta carregada de soja na rodovia PI-236, no trecho que liga as cidades de Hugo Napole\u00e3o a \u00c1gua Branca. O acidente aconteceu por volta das 21h desse domingo (21\/04). De acordo com informa\u00e7\u00f5es repassadas pela Pol\u00edcia Militar, o jovem [&hellip;]<\/p>\n","protected":false},"author":4,"featured_media":57644,"comment_status":"open","ping_status":"open","sticky":false,"template":"","format":"standard","meta":{"beyondwords_generate_audio":"1","beyondwords_project_id":"","beyondwords_podcast_id":"","beyondwords_hash":"","beyondwords_error_message":"","beyondwords_disabled":"","publish_post_to_speechkit":"","speechkit_generate_audio":"","speechkit_project_id":"","speechkit_podcast_id":"","speechkit_hash":"","speechkit_error_message":"","speechkit_disabled":"","speechkit_access_key":"","speechkit_error":"","speechkit_info":"","speechkit_response":"","speechkit_retries":"","_speechkit_link":"","_speechkit_text":""},"categories":[51],"tags":[70,5338,448,300,44,46,295,160,266,304,52,2671],"jetpack_featured_media_url":"https:\/\/pinews.com.br\/wp-content\/uploads\/2024\/04\/pm-pi_6749376419798142826.jpeg","_links":{"self":[{"href":"https:\/\/pinews.com.br\/index.php\/wp-json\/wp\/v2\/posts\/57643"}],"collection":[{"href":"https:\/\/pinews.com.br\/index.php\/wp-json\/wp\/v2\/posts"}],"about":[{"href":"https:\/\/pinews.com.br\/index.php\/wp-json\/wp\/v2\/types\/post"}],"author":[{"embeddable":true,"href":"https:\/\/pinews.com.br\/index.php\/wp-json\/wp\/v2\/users\/4"}],"replies":[{"embeddable":true,"href":"https:\/\/pinews.com.br\/index.php\/wp-json\/wp\/v2\/comments?post=57643"}],"version-history":[{"count":1,"href":"https:\/\/pinews.com.br\/index.php\/wp-json\/wp\/v2\/posts\/57643\/revisions"}],"predecessor-version":[{"id":57645,"href":"https:\/\/pinews.com.br\/index.php\/wp-json\/wp\/v2\/posts\/57643\/revisions\/57645"}],"wp:featuredmedia":[{"embeddable":true,"href":"https:\/\/pinews.com.br\/index.php\/wp-json\/wp\/v2\/media\/57644"}],"wp:attachment":[{"href":"https:\/\/pinews.com.br\/index.php\/wp-json\/wp\/v2\/media?parent=57643"}],"wp:term":[{"taxonomy":"category","embeddable":true,"href":"https:\/\/pinews.com.br\/index.php\/wp-json\/wp\/v2\/categories?post=57643"},{"taxonomy":"post_tag","embeddable":true,"href":"https:\/\/pinews.com.br\/index.php\/wp-json\/wp\/v2\/tags?post=57643"}],"curies":[{"name":"wp","href":"https:\/\/api.w.org\/{rel}","templated":true}]}}