{"id":57666,"date":"2024-04-25T18:38:05","date_gmt":"2024-04-25T21:38:05","guid":{"rendered":"https:\/\/pinews.com.br\/?p=57666"},"modified":"2024-04-25T18:38:07","modified_gmt":"2024-04-25T21:38:07","slug":"rapaz-de-20-anos-e-morto-com-dois-tiros-na-cabeca-em-rua-no-piaui","status":"publish","type":"post","link":"https:\/\/pinews.com.br\/index.php\/2024\/04\/25\/rapaz-de-20-anos-e-morto-com-dois-tiros-na-cabeca-em-rua-no-piaui\/","title":{"rendered":"Rapaz de 20 anos \u00e9 morto com dois tiros na cabe\u00e7a em rua no Piau\u00ed"},"content":{"rendered":"\n<p>Um jovem de 20 anos ainda n\u00e3o identificado foi morto com dois tiros na cabe\u00e7a na noite da quarta-feira (24) em Jos\u00e9 de Freitas, a 38 km de Teresina. Segundo o coronel Augusto, da Pol\u00edcia Militar do munic\u00edpio, o homem tinha passagens pela pol\u00edcia por tr\u00e1fico de drogas e porte ilegal de arma de fogo.<\/p>\n\n\n\n<blockquote class=\"wp-block-quote\">\n<p>&#8220;O crime aconteceu por volta das 21h, quando a v\u00edtima andava por uma rua do bairro Marmelada. Segundo testemunhas, dois criminosos chegaram e atiraram&#8221;, explicou o coronel.<\/p>\n<\/blockquote>\n\n\n\n<p>At\u00e9 o momento, conforme a PM, ningu\u00e9m foi identificado como suspeito pelo homic\u00eddio. O coronel Augusto contou ainda que a v\u00edtima era usu\u00e1ria de drogas.<\/p>\n\n\n\n<p>A Pol\u00edcia Civil do Piau\u00ed investiga o caso.<\/p>\n\n\n\n<p><strong>Fonte: G1 PI <\/strong><\/p>\n","protected":false},"excerpt":{"rendered":"<p>Um jovem de 20 anos ainda n\u00e3o identificado foi morto com dois tiros na cabe\u00e7a na noite da quarta-feira (24) em Jos\u00e9 de Freitas, a 38 km de Teresina. Segundo o coronel Augusto, da Pol\u00edcia Militar do munic\u00edpio, o homem tinha passagens pela pol\u00edcia por tr\u00e1fico de drogas e porte ilegal de arma de fogo. [&hellip;]<\/p>\n","protected":false},"author":4,"featured_media":57667,"comment_status":"open","ping_status":"open","sticky":false,"template":"","format":"standard","meta":{"beyondwords_generate_audio":"1","beyondwords_project_id":"","beyondwords_podcast_id":"","beyondwords_hash":"","beyondwords_error_message":"","beyondwords_disabled":"","publish_post_to_speechkit":"","speechkit_generate_audio":"","speechkit_project_id":"","speechkit_podcast_id":"","speechkit_hash":"","speechkit_error_message":"","speechkit_disabled":"","speechkit_access_key":"","speechkit_error":"","speechkit_info":"","speechkit_response":"","speechkit_retries":"","_speechkit_link":"","_speechkit_text":""},"categories":[51,78],"tags":[208,82,750,44,106,72,46,197,91,52,5930,846,165],"jetpack_featured_media_url":"https:\/\/pinews.com.br\/wp-content\/uploads\/2024\/04\/jf.jpg","_links":{"self":[{"href":"https:\/\/pinews.com.br\/index.php\/wp-json\/wp\/v2\/posts\/57666"}],"collection":[{"href":"https:\/\/pinews.com.br\/index.php\/wp-json\/wp\/v2\/posts"}],"about":[{"href":"https:\/\/pinews.com.br\/index.php\/wp-json\/wp\/v2\/types\/post"}],"author":[{"embeddable":true,"href":"https:\/\/pinews.com.br\/index.php\/wp-json\/wp\/v2\/users\/4"}],"replies":[{"embeddable":true,"href":"https:\/\/pinews.com.br\/index.php\/wp-json\/wp\/v2\/comments?post=57666"}],"version-history":[{"count":1,"href":"https:\/\/pinews.com.br\/index.php\/wp-json\/wp\/v2\/posts\/57666\/revisions"}],"predecessor-version":[{"id":57668,"href":"https:\/\/pinews.com.br\/index.php\/wp-json\/wp\/v2\/posts\/57666\/revisions\/57668"}],"wp:featuredmedia":[{"embeddable":true,"href":"https:\/\/pinews.com.br\/index.php\/wp-json\/wp\/v2\/media\/57667"}],"wp:attachment":[{"href":"https:\/\/pinews.com.br\/index.php\/wp-json\/wp\/v2\/media?parent=57666"}],"wp:term":[{"taxonomy":"category","embeddable":true,"href":"https:\/\/pinews.com.br\/index.php\/wp-json\/wp\/v2\/categories?post=57666"},{"taxonomy":"post_tag","embeddable":true,"href":"https:\/\/pinews.com.br\/index.php\/wp-json\/wp\/v2\/tags?post=57666"}],"curies":[{"name":"wp","href":"https:\/\/api.w.org\/{rel}","templated":true}]}}