{"id":57731,"date":"2024-04-30T18:20:19","date_gmt":"2024-04-30T21:20:19","guid":{"rendered":"https:\/\/pinews.com.br\/?p=57731"},"modified":"2024-04-30T18:20:21","modified_gmt":"2024-04-30T21:20:21","slug":"idosa-morre-apos-cair-e-bater-com-a-cabeca-em-area-de-carga-e-descarga-no-piaui","status":"publish","type":"post","link":"https:\/\/pinews.com.br\/index.php\/2024\/04\/30\/idosa-morre-apos-cair-e-bater-com-a-cabeca-em-area-de-carga-e-descarga-no-piaui\/","title":{"rendered":"Idosa morre ap\u00f3s cair e bater com a cabe\u00e7a em \u00e1rea de carga e descarga no Piau\u00ed"},"content":{"rendered":"\n<p>Uma idosa de 72 anos, identificada como Maria Borges Vieira de Sousa, morreu nesta ter\u00e7a-feira (30) ap\u00f3s cair de uma cal\u00e7ada de aproximadamente um metro e meio de altura na Nova Ceasa, localizada na zona Sul de Teresina.&nbsp;<\/p>\n\n\n\n<p>Permission\u00e1rios, que preferiram n\u00e3o se identificar, disseram ao\u00a0Cidadeverde.com\u00a0que a v\u00edtima perdeu o equil\u00edbrio, caiu e bateu com a cabe\u00e7a no ch\u00e3o. Ela trabalhava como catadora no local h\u00e1 cerca de 40 anos.\u00a0<\/p>\n\n\n\n<p>Apesar da altura, n\u00e3o h\u00e1 presen\u00e7a de corrim\u00e3o no local do acidente. A \u00e1rea \u00e9 usada para descarga de mercadorias, que foi isolada para que o trabalho de per\u00edcia fosse realizado e o corpo fosse removido pelo Instituto M\u00e9dico Legal (IML).<\/p>\n\n\n\n<p>O\u00a0Cidadeverde.com\u00a0entrou em contato com a assessoria de imprensa da Nova Ceasa, mas n\u00e3o recebeu informa\u00e7\u00f5es sobre a situa\u00e7\u00e3o at\u00e9 a publica\u00e7\u00e3o da mat\u00e9ria. O espa\u00e7o segue em aberto para eventuais esclarecimentos.\u00a0<\/p>\n\n\n\n<p><strong>Fonte: Breno Moreno\/ Cidade Verde <\/strong><\/p>\n","protected":false},"excerpt":{"rendered":"<p>Uma idosa de 72 anos, identificada como Maria Borges Vieira de Sousa, morreu nesta ter\u00e7a-feira (30) ap\u00f3s cair de uma cal\u00e7ada de aproximadamente um metro e meio de altura na Nova Ceasa, localizada na zona Sul de Teresina.&nbsp; Permission\u00e1rios, que preferiram n\u00e3o se identificar, disseram ao\u00a0Cidadeverde.com\u00a0que a v\u00edtima perdeu o equil\u00edbrio, caiu e bateu com [&hellip;]<\/p>\n","protected":false},"author":4,"featured_media":57732,"comment_status":"open","ping_status":"open","sticky":false,"template":"","format":"standard","meta":{"beyondwords_generate_audio":"1","beyondwords_project_id":"","beyondwords_podcast_id":"","beyondwords_hash":"","beyondwords_error_message":"","beyondwords_disabled":"","publish_post_to_speechkit":"","speechkit_generate_audio":"","speechkit_project_id":"","speechkit_podcast_id":"","speechkit_hash":"","speechkit_error_message":"","speechkit_disabled":"","speechkit_access_key":"","speechkit_error":"","speechkit_info":"","speechkit_response":"","speechkit_retries":"","_speechkit_link":"","_speechkit_text":""},"categories":[51,81],"tags":[70,622,5989,750,353,100,44,564,46,340,119,52],"jetpack_featured_media_url":"https:\/\/pinews.com.br\/wp-content\/uploads\/2024\/04\/a0d463a0ddd4f29f5ee92a7e8373b4b7.jpg","_links":{"self":[{"href":"https:\/\/pinews.com.br\/index.php\/wp-json\/wp\/v2\/posts\/57731"}],"collection":[{"href":"https:\/\/pinews.com.br\/index.php\/wp-json\/wp\/v2\/posts"}],"about":[{"href":"https:\/\/pinews.com.br\/index.php\/wp-json\/wp\/v2\/types\/post"}],"author":[{"embeddable":true,"href":"https:\/\/pinews.com.br\/index.php\/wp-json\/wp\/v2\/users\/4"}],"replies":[{"embeddable":true,"href":"https:\/\/pinews.com.br\/index.php\/wp-json\/wp\/v2\/comments?post=57731"}],"version-history":[{"count":1,"href":"https:\/\/pinews.com.br\/index.php\/wp-json\/wp\/v2\/posts\/57731\/revisions"}],"predecessor-version":[{"id":57733,"href":"https:\/\/pinews.com.br\/index.php\/wp-json\/wp\/v2\/posts\/57731\/revisions\/57733"}],"wp:featuredmedia":[{"embeddable":true,"href":"https:\/\/pinews.com.br\/index.php\/wp-json\/wp\/v2\/media\/57732"}],"wp:attachment":[{"href":"https:\/\/pinews.com.br\/index.php\/wp-json\/wp\/v2\/media?parent=57731"}],"wp:term":[{"taxonomy":"category","embeddable":true,"href":"https:\/\/pinews.com.br\/index.php\/wp-json\/wp\/v2\/categories?post=57731"},{"taxonomy":"post_tag","embeddable":true,"href":"https:\/\/pinews.com.br\/index.php\/wp-json\/wp\/v2\/tags?post=57731"}],"curies":[{"name":"wp","href":"https:\/\/api.w.org\/{rel}","templated":true}]}}