{"id":57801,"date":"2024-05-04T15:43:08","date_gmt":"2024-05-04T18:43:08","guid":{"rendered":"https:\/\/pinews.com.br\/?p=57801"},"modified":"2024-05-04T15:43:10","modified_gmt":"2024-05-04T18:43:10","slug":"cantor-de-forro-morre-apos-acidente-envolvendo-moto-e-caminhao-no-interior-do-piaui","status":"publish","type":"post","link":"https:\/\/pinews.com.br\/index.php\/2024\/05\/04\/cantor-de-forro-morre-apos-acidente-envolvendo-moto-e-caminhao-no-interior-do-piaui\/","title":{"rendered":"Cantor de forr\u00f3 morre ap\u00f3s acidente envolvendo moto e caminh\u00e3o no interior do Piau\u00ed"},"content":{"rendered":"\n<p>Um cantor de forr\u00f3 identificado como Ruan Vaqueiro morreu ap\u00f3s um grave acidente ocorrido na manh\u00e3 deste s\u00e1bado (04\/05) envolvendo a motocicleta que pilotava e um caminh\u00e3o. O fato aconteceu na comunidade Carim\u00e3, em Jos\u00e9 de Freitas, norte do Piau\u00ed. <\/p>\n\n\n\n<p>Segundo informa\u00e7\u00f5es,  os ve\u00edculos envolvidos trafegavam em sentidos opostos, quando aconteceu a colis\u00e3o frontal. Populares chegaram a comentar que a v\u00edtima teria desviado de um animal na pista e batido na frente do ve\u00edculo de carga que estava carregado de madeira.<\/p>\n\n\n\n<p>Com impacto, a motocicleta da v\u00edtima modelo Honda Bros, foi parar em baixo do caminh\u00e3o e o condutor teve morte imediata. O local foi isolado por uma equipe da pol\u00edcia militar do 16\u00b0 Batalh\u00e3o.<\/p>\n\n\n\n<p>Ruan Vaqueiro era cantor e fazia trio musical com Del Castro e Samuel Teclas. Ele residia na comunidade Boqueir\u00e3o dos Craveiros, zona rural de Jos\u00e9 de Freitas.<\/p>\n\n\n\n<p><strong>Fonte:\u00a0Revista opini\u00e3o<\/strong><\/p>\n","protected":false},"excerpt":{"rendered":"<p>Um cantor de forr\u00f3 identificado como Ruan Vaqueiro morreu ap\u00f3s um grave acidente ocorrido na manh\u00e3 deste s\u00e1bado (04\/05) envolvendo a motocicleta que pilotava e um caminh\u00e3o. O fato aconteceu na comunidade Carim\u00e3, em Jos\u00e9 de Freitas, norte do Piau\u00ed. Segundo informa\u00e7\u00f5es, os ve\u00edculos envolvidos trafegavam em sentidos opostos, quando aconteceu a colis\u00e3o frontal. Populares [&hellip;]<\/p>\n","protected":false},"author":4,"featured_media":57802,"comment_status":"open","ping_status":"open","sticky":false,"template":"","format":"standard","meta":{"beyondwords_generate_audio":"1","beyondwords_project_id":"","beyondwords_podcast_id":"","beyondwords_hash":"","beyondwords_error_message":"","beyondwords_disabled":"","publish_post_to_speechkit":"","speechkit_generate_audio":"","speechkit_project_id":"","speechkit_podcast_id":"","speechkit_hash":"","speechkit_error_message":"","speechkit_disabled":"","speechkit_access_key":"","speechkit_error":"","speechkit_info":"","speechkit_response":"","speechkit_retries":"","_speechkit_link":"","_speechkit_text":""},"categories":[51],"tags":[176,70,188,1192,44,583,7748,716,119,304,52],"jetpack_featured_media_url":"https:\/\/pinews.com.br\/wp-content\/uploads\/2024\/05\/reproducao_-1245467172144907067.jpeg","_links":{"self":[{"href":"https:\/\/pinews.com.br\/index.php\/wp-json\/wp\/v2\/posts\/57801"}],"collection":[{"href":"https:\/\/pinews.com.br\/index.php\/wp-json\/wp\/v2\/posts"}],"about":[{"href":"https:\/\/pinews.com.br\/index.php\/wp-json\/wp\/v2\/types\/post"}],"author":[{"embeddable":true,"href":"https:\/\/pinews.com.br\/index.php\/wp-json\/wp\/v2\/users\/4"}],"replies":[{"embeddable":true,"href":"https:\/\/pinews.com.br\/index.php\/wp-json\/wp\/v2\/comments?post=57801"}],"version-history":[{"count":1,"href":"https:\/\/pinews.com.br\/index.php\/wp-json\/wp\/v2\/posts\/57801\/revisions"}],"predecessor-version":[{"id":57803,"href":"https:\/\/pinews.com.br\/index.php\/wp-json\/wp\/v2\/posts\/57801\/revisions\/57803"}],"wp:featuredmedia":[{"embeddable":true,"href":"https:\/\/pinews.com.br\/index.php\/wp-json\/wp\/v2\/media\/57802"}],"wp:attachment":[{"href":"https:\/\/pinews.com.br\/index.php\/wp-json\/wp\/v2\/media?parent=57801"}],"wp:term":[{"taxonomy":"category","embeddable":true,"href":"https:\/\/pinews.com.br\/index.php\/wp-json\/wp\/v2\/categories?post=57801"},{"taxonomy":"post_tag","embeddable":true,"href":"https:\/\/pinews.com.br\/index.php\/wp-json\/wp\/v2\/tags?post=57801"}],"curies":[{"name":"wp","href":"https:\/\/api.w.org\/{rel}","templated":true}]}}