{"id":57811,"date":"2024-05-04T21:01:37","date_gmt":"2024-05-05T00:01:37","guid":{"rendered":"https:\/\/pinews.com.br\/?p=57811"},"modified":"2024-05-04T21:01:38","modified_gmt":"2024-05-05T00:01:38","slug":"tragedia-no-rio-parnaiba-3o-vitima-e-encontrada-proximo-a-local-do-afogamento-no-piaui-tia-sonhou-com-adolescente-dizendo-onde-estava","status":"publish","type":"post","link":"https:\/\/pinews.com.br\/index.php\/2024\/05\/04\/tragedia-no-rio-parnaiba-3o-vitima-e-encontrada-proximo-a-local-do-afogamento-no-piaui-tia-sonhou-com-adolescente-dizendo-onde-estava\/","title":{"rendered":"Trag\u00e9dia no rio Parna\u00edba: 3\u00ba v\u00edtima \u00e9 encontrada pr\u00f3ximo a local do afogamento no Piau\u00ed; tia sonhou com adolescente dizendo onde estava"},"content":{"rendered":"\n<p>O\u00a03\u00ba adolescente, Jo\u00e3o Gabriel, de 17 anos,\u00a0que estava desaparecido no rio Parna\u00edba\u00a0desde o dia 1\u00ba, foi encontrado no inicio da tarde deste s\u00e1bado (4)\u00a0por funcion\u00e1rio de draga a pedido da fam\u00edlia\u00a0em\u00a0Luzil\u00e2ndia, a 251 km de Teresina.\u00a0O corpo emergiu pr\u00f3ximo ao local onde ele foi visto pela \u00faltima vez com vida.<\/p>\n\n\n\n<blockquote class=\"wp-block-quote\">\n<p>&#8220;Um rapaz que trabalha aqui numa draga, retirando a areia do rio, se prontificou em mergulhar com uma mangueira compressora ap\u00f3s tr\u00eas pessoas da fam\u00edlia sonharem com o adolescente. Inclusive uma tia dele contou que o garoto lhe disse em sonho &#8216;me procura embaixo da bomba, que \u00e9 l\u00e1 que estou, e e fique em paz, eu j\u00e1 encontrei a v\u00f3 e o vov\u00f4&#8217; que faleceram recente&#8221;, afirmou o inspetor Carvalho, da Guarda Municipal da cidade.<\/p>\n<\/blockquote>\n\n\n\n<ul><\/ul>\n\n\n\n<p>Ap\u00f3s a busca do mergulhador, o corpo n\u00e3o foi encontrado, mas quando o equipamento foi retirado da \u00e1gua, o corpo emergiu. O inspetor acredita que ap\u00f3s as v\u00e1rias buscas na \u00e1gua, a vitima pode ter se desprendido de alguma pedra ou galho que o prendia.<\/p>\n\n\n\n<p>Por volta de 13h40, o corpo emergiu na \u00e1gua\u00a0pr\u00f3ximo a bomba de capta\u00e7\u00e3o de \u00e1gua\u00a0da empresa Agespisa. A v\u00edtima foi encaminhada para o Instituo M\u00e9dico Legal (IML) de Teresina.<\/p>\n\n\n\n<p>Segundo o Corpo de Bombeiros, em 2023, 50 pessoas morreram afogadas no Piau\u00ed.&nbsp;Em 2024, entre janeiro e o dia 16 abril, 20 afogamentos aconteceram.<\/p>\n\n\n\n<h2>Primeiras v\u00edtimas encontradas<\/h2>\n\n\n\n<p>Segundo a\u00a0Defesa Civil de\u00a0Luzil\u00e2ndia,\u00a0foram localizados\u00a0Marcos Vitor (16 anos)\u00a0e\u00a0Francisco Aires (15 anos), na sexta-feira (3).<\/p>\n\n\n\n<p>O Corpo de Bombeiros informou que os adolescentes foram levados pela correnteza at\u00e9 perto da cidade de Magalh\u00e3es de Almeida, no Maranh\u00e3o. Eles foram localizados no trecho de rio entre a cidade e a comunidade Melancia,&nbsp;a cerca de 20 quil\u00f4metros de dist\u00e2ncia do ponto onde eles desapareceram.<\/p>\n\n\n\n<h2>Trag\u00e9dia no rio Parna\u00edba<\/h2>\n\n\n\n<p>Tr\u00eas adolescentes desapareceram h\u00e1 2 dias, durante um banho no Rio Parna\u00edba na tarde da quarta-feira (1\u00ba). Segundo a Pol\u00edcia Militar, os jovens s\u00e3o\u00a0Marcos Vitor (16 anos), Jo\u00e3o Gabriel (17 anos) e Francisco Aires (15 anos).<\/p>\n\n\n\n<p>O acidente aconteceu por volta das 17h40. Quatro adolescentes se divertiam na \u00e1gua, pr\u00f3ximo \u00e0 ponte que cruza o Rio Parna\u00edba, quando desapareceram. Um deles conseguiu sair da \u00e1gua com a ajuda de pescadores.\u00a0Na hora do acidente estava chovendo forte.<\/p>\n\n\n\n<p><strong>Fonte: G1 PI <\/strong><\/p>\n","protected":false},"excerpt":{"rendered":"<p>O\u00a03\u00ba adolescente, Jo\u00e3o Gabriel, de 17 anos,\u00a0que estava desaparecido no rio Parna\u00edba\u00a0desde o dia 1\u00ba, foi encontrado no inicio da tarde deste s\u00e1bado (4)\u00a0por funcion\u00e1rio de draga a pedido da fam\u00edlia\u00a0em\u00a0Luzil\u00e2ndia, a 251 km de Teresina.\u00a0O corpo emergiu pr\u00f3ximo ao local onde ele foi visto pela \u00faltima vez com vida. &#8220;Um rapaz que trabalha aqui [&hellip;]<\/p>\n","protected":false},"author":4,"featured_media":57812,"comment_status":"open","ping_status":"open","sticky":false,"template":"","format":"standard","meta":{"beyondwords_generate_audio":"1","beyondwords_project_id":"","beyondwords_podcast_id":"","beyondwords_hash":"","beyondwords_error_message":"","beyondwords_disabled":"","publish_post_to_speechkit":"","speechkit_generate_audio":"","speechkit_project_id":"","speechkit_podcast_id":"","speechkit_hash":"","speechkit_error_message":"","speechkit_disabled":"","speechkit_access_key":"","speechkit_error":"","speechkit_info":"","speechkit_response":"","speechkit_retries":"","_speechkit_link":"","_speechkit_text":""},"categories":[51],"tags":[9348,177,5179,12191,72,471,201,5768,903,1367,52,127,407,12190,8150,453,285],"jetpack_featured_media_url":"https:\/\/pinews.com.br\/wp-content\/uploads\/2024\/05\/whatsapp-image-2024-05-04-at-16.23.42-1-.jpeg","_links":{"self":[{"href":"https:\/\/pinews.com.br\/index.php\/wp-json\/wp\/v2\/posts\/57811"}],"collection":[{"href":"https:\/\/pinews.com.br\/index.php\/wp-json\/wp\/v2\/posts"}],"about":[{"href":"https:\/\/pinews.com.br\/index.php\/wp-json\/wp\/v2\/types\/post"}],"author":[{"embeddable":true,"href":"https:\/\/pinews.com.br\/index.php\/wp-json\/wp\/v2\/users\/4"}],"replies":[{"embeddable":true,"href":"https:\/\/pinews.com.br\/index.php\/wp-json\/wp\/v2\/comments?post=57811"}],"version-history":[{"count":1,"href":"https:\/\/pinews.com.br\/index.php\/wp-json\/wp\/v2\/posts\/57811\/revisions"}],"predecessor-version":[{"id":57813,"href":"https:\/\/pinews.com.br\/index.php\/wp-json\/wp\/v2\/posts\/57811\/revisions\/57813"}],"wp:featuredmedia":[{"embeddable":true,"href":"https:\/\/pinews.com.br\/index.php\/wp-json\/wp\/v2\/media\/57812"}],"wp:attachment":[{"href":"https:\/\/pinews.com.br\/index.php\/wp-json\/wp\/v2\/media?parent=57811"}],"wp:term":[{"taxonomy":"category","embeddable":true,"href":"https:\/\/pinews.com.br\/index.php\/wp-json\/wp\/v2\/categories?post=57811"},{"taxonomy":"post_tag","embeddable":true,"href":"https:\/\/pinews.com.br\/index.php\/wp-json\/wp\/v2\/tags?post=57811"}],"curies":[{"name":"wp","href":"https:\/\/api.w.org\/{rel}","templated":true}]}}