{"id":57881,"date":"2024-05-10T17:40:36","date_gmt":"2024-05-10T20:40:36","guid":{"rendered":"https:\/\/pinews.com.br\/?p=57881"},"modified":"2024-05-10T17:40:37","modified_gmt":"2024-05-10T20:40:37","slug":"com-80-do-arroz-exportado-do-rio-grande-do-sul-supermercado-limita-venda-do-produto-no-piaui","status":"publish","type":"post","link":"https:\/\/pinews.com.br\/index.php\/2024\/05\/10\/com-80-do-arroz-exportado-do-rio-grande-do-sul-supermercado-limita-venda-do-produto-no-piaui\/","title":{"rendered":"Com 80% do arroz exportado do Rio Grande do Sul, supermercado limita venda do produto no Piau\u00ed"},"content":{"rendered":"\n<p>Uma rede de supermercados de Teresina estabeleceu, nesta sexta-feira (10), a\u00a0compra limitada de pacotes de arroz por cliente. As imagens do comunicado viralizaram nas redes sociais e pegaram consumidores de surpresa.\u00a0<\/p>\n\n\n\n<p>No aviso, a loja pede a compreens\u00e3o dos clientes e informa que limitou a compra de m\u00e1xima de cinco fardos de arroz por pessoa, no total de qualquer uma das marcas ali comercializadas, no intuito de garantir o abastecimento.&nbsp;<\/p>\n\n\n\n<p>Em nota (leia na \u00edntegra ao final da mat\u00e9ria), a rede de supermercados informou ao\u00a0Cidadeverde.com\u00a0 que a medida \u00e9 tempor\u00e1ria e foi adotada em todas as unidades espalhadas pelo pa\u00eds, variando o limite do produto por cidade e loja.\u00a0<\/p>\n\n\n\n<p><strong>RS abastece supermercados do PI<\/strong><\/p>\n\n\n\n<p>A iniciativa acontece em meio \u00e0s\u00a0enchentes que j\u00e1 afetam 435 munic\u00edpios do Rio Grande do Sul\u00a0(RS), estado respons\u00e1vel por 70% da produ\u00e7\u00e3o nacional e que exporta a maior parte do que \u00e9 comercializado nos supermercados do Piau\u00ed.\u00a0<\/p>\n\n\n\n<blockquote class=\"wp-block-quote\">\n<p>\u201cMesmo sem fazer uma pesquisa, eu diria que cerca de 80% do arroz que temos nos supermercados do Piau\u00ed s\u00e3o produzidos nessa regi\u00e3o do RS\u201d, estima Raul Lopes Filho, presidente da Associa\u00e7\u00e3o Piauiense de Supermercados (Apisu)<\/p>\n<\/blockquote>\n\n\n\n<figure class=\"wp-block-image\"><img decoding=\"async\" src=\"https:\/\/cidadeverde.com\/assets\/uploads\/noticias\/572170d50efb70e19bacc67fc1846aa6.jpeg\" alt=\"\"\/><\/figure>\n\n\n\n<p>Apesar disso, a entidade afirma que n\u00e3o h\u00e1 risco de desabastecimento no estado e nem motivos para limitar a venda de arroz nos supermercados. Segundo Raul Lopes Filho, os estoques atuais s\u00e3o suficientes para atender a demanda do momento.\u00a0<\/p>\n\n\n\n<p>&#8220;H\u00e1 o compromisso de n\u00e3o haver restri\u00e7\u00e3o na venda do produto. Todos os supermercados est\u00e3o bem estocados, para atender somente essa quest\u00e3o do arroz. N\u00e3o tem problema, d\u00e1 para manter at\u00e9 tudo ser resolvido&#8221;, assegura o empres\u00e1rio.<\/p>\n\n\n\n<p>Al\u00e9m de assegurar que\u00a0n\u00e3o h\u00e1 risco de desabastecimento de arroz no Piau\u00ed, a Apisu garante que n\u00e3o haver\u00e1 aumento no valor do produto nos supermercados,\u00a0mas pede que a popula\u00e7\u00e3o n\u00e3o compre em quantidades excessivas.<\/p>\n\n\n\n<p>\u201cN\u00e3o queremos majora\u00e7\u00e3o dos pre\u00e7os [&#8230;] n\u00e3o h\u00e1 necessidade de correr aos supermercados para adquirir arroz na pressa. Enfrentamos&nbsp; um problema muito mais s\u00e9rio na pandemia e conseguimos administrar isso sem falta\u201d, frisa o mandat\u00e1rio.<\/p>\n\n\n\n<p>Para recompor os estoques da Companhia Nacional de Abastecimento (Conab), o\u00a0Governo Federal autorizou a importa\u00e7\u00e3o de at\u00e9 um milh\u00e3o de toneladas de arroz beneficiado ou em casca,\u00a0por meio de leil\u00f5es p\u00fablicos.<\/p>\n\n\n\n<p>De acordo com a Medida Provis\u00f3ria, os estoques ter\u00e3o, como destino preferencial, pequenos varejistas das regi\u00f5es metropolitanas, \u201cdispensada a utiliza\u00e7\u00e3o de leil\u00f5es em bolsas de mercadorias ou licita\u00e7\u00e3o p\u00fablica para venda direta\u201d.<\/p>\n\n\n\n<p><strong>Leia a nota da rede de supermercados na \u00edntegra:<\/strong><\/p>\n\n\n\n<blockquote class=\"wp-block-quote\">\n<p><em>Para garantir que todos(as) tenham acesso aos produtos, as lojas do Assa\u00ed Atacadista est\u00e3o limitando temporariamente a venda de pacotes de arroz. A quantidade varia conforme cidade e loja e n\u00e3o \u00e9 fixa. A medida est\u00e1 em vigor em todas as unidades do pa\u00eds, sendo claramente comunicada nas g\u00f4ndolas para informar os(as) clientes sobre a restri\u00e7\u00e3o. A rede segue monitorando atentamente os n\u00edveis de estoques em cada regi\u00e3o para garantir o abastecimento adequado dos produtos.<\/em><\/p>\n<\/blockquote>\n\n\n\n<p><strong>Fonte: Breno Moreno\/ Cidade Verde <\/strong><\/p>\n","protected":false},"excerpt":{"rendered":"<p>Uma rede de supermercados de Teresina estabeleceu, nesta sexta-feira (10), a\u00a0compra limitada de pacotes de arroz por cliente. As imagens do comunicado viralizaram nas redes sociais e pegaram consumidores de surpresa.\u00a0 No aviso, a loja pede a compreens\u00e3o dos clientes e informa que limitou a compra de m\u00e1xima de cinco fardos de arroz por pessoa, [&hellip;]<\/p>\n","protected":false},"author":4,"featured_media":57882,"comment_status":"open","ping_status":"open","sticky":false,"template":"","format":"standard","meta":{"beyondwords_generate_audio":"1","beyondwords_project_id":"","beyondwords_podcast_id":"","beyondwords_hash":"","beyondwords_error_message":"","beyondwords_disabled":"","publish_post_to_speechkit":"","speechkit_generate_audio":"","speechkit_project_id":"","speechkit_podcast_id":"","speechkit_hash":"","speechkit_error_message":"","speechkit_disabled":"","speechkit_access_key":"","speechkit_error":"","speechkit_info":"","speechkit_response":"","speechkit_retries":"","_speechkit_link":"","_speechkit_text":""},"categories":[134,51],"tags":[5342,5302,12197,6074,8702,52,9201,407,120,3419,979],"jetpack_featured_media_url":"https:\/\/pinews.com.br\/wp-content\/uploads\/2024\/05\/0f73d68611d14383c84ca01485d4bde0.jpeg","_links":{"self":[{"href":"https:\/\/pinews.com.br\/index.php\/wp-json\/wp\/v2\/posts\/57881"}],"collection":[{"href":"https:\/\/pinews.com.br\/index.php\/wp-json\/wp\/v2\/posts"}],"about":[{"href":"https:\/\/pinews.com.br\/index.php\/wp-json\/wp\/v2\/types\/post"}],"author":[{"embeddable":true,"href":"https:\/\/pinews.com.br\/index.php\/wp-json\/wp\/v2\/users\/4"}],"replies":[{"embeddable":true,"href":"https:\/\/pinews.com.br\/index.php\/wp-json\/wp\/v2\/comments?post=57881"}],"version-history":[{"count":1,"href":"https:\/\/pinews.com.br\/index.php\/wp-json\/wp\/v2\/posts\/57881\/revisions"}],"predecessor-version":[{"id":57883,"href":"https:\/\/pinews.com.br\/index.php\/wp-json\/wp\/v2\/posts\/57881\/revisions\/57883"}],"wp:featuredmedia":[{"embeddable":true,"href":"https:\/\/pinews.com.br\/index.php\/wp-json\/wp\/v2\/media\/57882"}],"wp:attachment":[{"href":"https:\/\/pinews.com.br\/index.php\/wp-json\/wp\/v2\/media?parent=57881"}],"wp:term":[{"taxonomy":"category","embeddable":true,"href":"https:\/\/pinews.com.br\/index.php\/wp-json\/wp\/v2\/categories?post=57881"},{"taxonomy":"post_tag","embeddable":true,"href":"https:\/\/pinews.com.br\/index.php\/wp-json\/wp\/v2\/tags?post=57881"}],"curies":[{"name":"wp","href":"https:\/\/api.w.org\/{rel}","templated":true}]}}