{"id":57930,"date":"2024-05-12T18:11:19","date_gmt":"2024-05-12T21:11:19","guid":{"rendered":"https:\/\/pinews.com.br\/?p=57930"},"modified":"2024-05-12T18:12:05","modified_gmt":"2024-05-12T21:12:05","slug":"homem-e-assassinado-com-tiro-na-cabeca-ao-atender-chamado-na-janela-de-casa-no-piaui","status":"publish","type":"post","link":"https:\/\/pinews.com.br\/index.php\/2024\/05\/12\/homem-e-assassinado-com-tiro-na-cabeca-ao-atender-chamado-na-janela-de-casa-no-piaui\/","title":{"rendered":"Homem \u00e9 assassinado com tiro na cabe\u00e7a ao atender chamado na janela de casa no Piau\u00ed"},"content":{"rendered":"\n<p>Rafael de Ara\u00fajo Pinheiro, de 30 anos, foi morto com um tiro na cabe\u00e7a, na noite de s\u00e1bado (11), na Vila Boa Esperan\u00e7a, Zona Norte de Teresina. Testemunhas relataram \u00e0 pol\u00edcia que a v\u00edtima foi baleada ap\u00f3s atender um chamado na janela de casa.<\/p>\n\n\n\n<p>O crime teria sido cometido por um homem, que chamou pelo nome de Rafael e atirou nele quando ele abriu a janela. O homem fugiu em seguida e ainda n\u00e3o foi localizado. Tamb\u00e9m n\u00e3o se sabe, ainda, a identidade dele.<\/p>\n\n\n\n<p>A Pol\u00edcia Militar do Piau\u00ed (PMPI) foi informada sobre a ocorr\u00eancia por volta das 21h30. Chegando ao local, os policiais confirmaram o homic\u00eddio, isolaram o local do crime e acionaram a Pol\u00edcia Civil do Piau\u00ed (PCPI).<\/p>\n\n\n\n<p>Os departamentos de Pol\u00edcia T\u00e9cnico-Cient\u00edfica (Depoc) e de Homic\u00eddio e Prote\u00e7\u00e3o \u00e0 Pessoa (DHPP), ambos da PCPI, realizaram os procedimentos iniciais para a investiga\u00e7\u00e3o do caso.<\/p>\n\n\n\n<p>Em seguida, o corpo foi recolhido e levado para o Instituto de Medicina Legal (IML).<\/p>\n\n\n\n<p><strong>Fonte: G1 PI <\/strong><\/p>\n","protected":false},"excerpt":{"rendered":"<p>Rafael de Ara\u00fajo Pinheiro, de 30 anos, foi morto com um tiro na cabe\u00e7a, na noite de s\u00e1bado (11), na Vila Boa Esperan\u00e7a, Zona Norte de Teresina. Testemunhas relataram \u00e0 pol\u00edcia que a v\u00edtima foi baleada ap\u00f3s atender um chamado na janela de casa. O crime teria sido cometido por um homem, que chamou pelo [&hellip;]<\/p>\n","protected":false},"author":4,"featured_media":48348,"comment_status":"open","ping_status":"open","sticky":false,"template":"","format":"standard","meta":{"beyondwords_generate_audio":"1","beyondwords_project_id":"","beyondwords_podcast_id":"","beyondwords_hash":"","beyondwords_error_message":"","beyondwords_disabled":"","publish_post_to_speechkit":"","speechkit_generate_audio":"","speechkit_project_id":"","speechkit_podcast_id":"","speechkit_hash":"","speechkit_error_message":"","speechkit_disabled":"","speechkit_access_key":"","speechkit_error":"","speechkit_info":"","speechkit_response":"","speechkit_retries":"","_speechkit_link":"","_speechkit_text":""},"categories":[51,78,81],"tags":[132,364,7818,750,149,8878,44,72,84,6139,91,52,527],"jetpack_featured_media_url":"https:\/\/pinews.com.br\/wp-content\/uploads\/2023\/05\/iml_em_teresina.jpg","_links":{"self":[{"href":"https:\/\/pinews.com.br\/index.php\/wp-json\/wp\/v2\/posts\/57930"}],"collection":[{"href":"https:\/\/pinews.com.br\/index.php\/wp-json\/wp\/v2\/posts"}],"about":[{"href":"https:\/\/pinews.com.br\/index.php\/wp-json\/wp\/v2\/types\/post"}],"author":[{"embeddable":true,"href":"https:\/\/pinews.com.br\/index.php\/wp-json\/wp\/v2\/users\/4"}],"replies":[{"embeddable":true,"href":"https:\/\/pinews.com.br\/index.php\/wp-json\/wp\/v2\/comments?post=57930"}],"version-history":[{"count":1,"href":"https:\/\/pinews.com.br\/index.php\/wp-json\/wp\/v2\/posts\/57930\/revisions"}],"predecessor-version":[{"id":57931,"href":"https:\/\/pinews.com.br\/index.php\/wp-json\/wp\/v2\/posts\/57930\/revisions\/57931"}],"wp:featuredmedia":[{"embeddable":true,"href":"https:\/\/pinews.com.br\/index.php\/wp-json\/wp\/v2\/media\/48348"}],"wp:attachment":[{"href":"https:\/\/pinews.com.br\/index.php\/wp-json\/wp\/v2\/media?parent=57930"}],"wp:term":[{"taxonomy":"category","embeddable":true,"href":"https:\/\/pinews.com.br\/index.php\/wp-json\/wp\/v2\/categories?post=57930"},{"taxonomy":"post_tag","embeddable":true,"href":"https:\/\/pinews.com.br\/index.php\/wp-json\/wp\/v2\/tags?post=57930"}],"curies":[{"name":"wp","href":"https:\/\/api.w.org\/{rel}","templated":true}]}}