{"id":57981,"date":"2024-05-16T12:41:51","date_gmt":"2024-05-16T15:41:51","guid":{"rendered":"https:\/\/pinews.com.br\/?p=57981"},"modified":"2024-05-16T12:41:53","modified_gmt":"2024-05-16T15:41:53","slug":"enfermeira-piauiense-e-morta-a-tiros-em-briga-de-transito-na-cidade-de-fortaleza","status":"publish","type":"post","link":"https:\/\/pinews.com.br\/index.php\/2024\/05\/16\/enfermeira-piauiense-e-morta-a-tiros-em-briga-de-transito-na-cidade-de-fortaleza\/","title":{"rendered":"Enfermeira piauiense \u00e9 morta a tiros em briga de tr\u00e2nsito na cidade de Fortaleza"},"content":{"rendered":"\n<p>A enfermeira piauiense Jandra Mayandra da Silva Soares, de 35 anos, foi morta a tiros na noite desta quarta-feira (15) em uma briga de tr\u00e2nsito na cidade de Fortaleza, no Cear\u00e1.<\/p>\n\n\n\n<p>De acordo com a Pol\u00edcia Militar do Cear\u00e1, o crime aconteceu na Avenida Presidente Castelo Branco, no bairro Pirambu. A v\u00edtima estava em um carro quando houve uma batida entre o ve\u00edculo e uma motocicleta.<\/p>\n\n\n\n<p>Momentos depois, o condutor da moto seguiu o carro da enfermeira, sacou uma arma e efetuou diversos disparos de arma de fogo.<\/p>\n\n\n\n<p>Jandra Mayandra foi atingida na cabe\u00e7a, n\u00e3o resistiu aos ferimentos e faleceu. O motociclista ainda segue sem identifica\u00e7\u00e3o.<\/p>\n\n\n\n<p>A piauiense era natural de Floriano, no sul do Piau\u00ed, e trabalhava na capital cearense. O Conselho Regional de Enfermagem (Coren) do Cear\u00e1 lamentou a morte da enfermeira.<\/p>\n\n\n\n<figure class=\"wp-block-image\"><img decoding=\"async\" src=\"https:\/\/cidadeverde.com\/assets\/uploads\/noticias\/3a5c9a8bfbc9ca3071cf7b03679ce1ed.jpg\" alt=\"\"\/><\/figure>\n\n\n\n<p><strong>Fonte: Cidade de Verde\/ Com informa\u00e7\u00f5es da TV Cidade Verde\u00a0<\/strong><\/p>\n","protected":false},"excerpt":{"rendered":"<p>A enfermeira piauiense Jandra Mayandra da Silva Soares, de 35 anos, foi morta a tiros na noite desta quarta-feira (15) em uma briga de tr\u00e2nsito na cidade de Fortaleza, no Cear\u00e1. De acordo com a Pol\u00edcia Militar do Cear\u00e1, o crime aconteceu na Avenida Presidente Castelo Branco, no bairro Pirambu. A v\u00edtima estava em um [&hellip;]<\/p>\n","protected":false},"author":4,"featured_media":57982,"comment_status":"open","ping_status":"open","sticky":false,"template":"","format":"standard","meta":{"beyondwords_generate_audio":"1","beyondwords_project_id":"","beyondwords_podcast_id":"","beyondwords_hash":"","beyondwords_error_message":"","beyondwords_disabled":"","publish_post_to_speechkit":"","speechkit_generate_audio":"","speechkit_project_id":"","speechkit_podcast_id":"","speechkit_hash":"","speechkit_error_message":"","speechkit_disabled":"","speechkit_access_key":"","speechkit_error":"","speechkit_info":"","speechkit_response":"","speechkit_retries":"","_speechkit_link":"","_speechkit_text":""},"categories":[134,51],"tags":[251,63,44,72,46,781,2757,481,91,511,165,233],"jetpack_featured_media_url":"https:\/\/pinews.com.br\/wp-content\/uploads\/2024\/05\/2b59bbc34f189e16b03089bcf030b5c3.jpg","_links":{"self":[{"href":"https:\/\/pinews.com.br\/index.php\/wp-json\/wp\/v2\/posts\/57981"}],"collection":[{"href":"https:\/\/pinews.com.br\/index.php\/wp-json\/wp\/v2\/posts"}],"about":[{"href":"https:\/\/pinews.com.br\/index.php\/wp-json\/wp\/v2\/types\/post"}],"author":[{"embeddable":true,"href":"https:\/\/pinews.com.br\/index.php\/wp-json\/wp\/v2\/users\/4"}],"replies":[{"embeddable":true,"href":"https:\/\/pinews.com.br\/index.php\/wp-json\/wp\/v2\/comments?post=57981"}],"version-history":[{"count":1,"href":"https:\/\/pinews.com.br\/index.php\/wp-json\/wp\/v2\/posts\/57981\/revisions"}],"predecessor-version":[{"id":57983,"href":"https:\/\/pinews.com.br\/index.php\/wp-json\/wp\/v2\/posts\/57981\/revisions\/57983"}],"wp:featuredmedia":[{"embeddable":true,"href":"https:\/\/pinews.com.br\/index.php\/wp-json\/wp\/v2\/media\/57982"}],"wp:attachment":[{"href":"https:\/\/pinews.com.br\/index.php\/wp-json\/wp\/v2\/media?parent=57981"}],"wp:term":[{"taxonomy":"category","embeddable":true,"href":"https:\/\/pinews.com.br\/index.php\/wp-json\/wp\/v2\/categories?post=57981"},{"taxonomy":"post_tag","embeddable":true,"href":"https:\/\/pinews.com.br\/index.php\/wp-json\/wp\/v2\/tags?post=57981"}],"curies":[{"name":"wp","href":"https:\/\/api.w.org\/{rel}","templated":true}]}}