{"id":58031,"date":"2024-05-20T21:22:13","date_gmt":"2024-05-21T00:22:13","guid":{"rendered":"https:\/\/pinews.com.br\/?p=58031"},"modified":"2024-05-20T21:22:14","modified_gmt":"2024-05-21T00:22:14","slug":"suspeito-de-briga-em-via-publica-e-detido-e-ateia-fogo-em-colchao-de-grupamento-da-policia-militar-em-santa-cruz-do-piaui","status":"publish","type":"post","link":"https:\/\/pinews.com.br\/index.php\/2024\/05\/20\/suspeito-de-briga-em-via-publica-e-detido-e-ateia-fogo-em-colchao-de-grupamento-da-policia-militar-em-santa-cruz-do-piaui\/","title":{"rendered":"Suspeito de briga em via p\u00fablica \u00e9 detido e ateia fogo em colch\u00e3o de grupamento da Pol\u00edcia Militar em Santa cruz do Piau\u00ed"},"content":{"rendered":"\n<p>Um princ\u00edpio de inc\u00eandio atingiu, nesta segunda-feira (20), o pr\u00e9dio do Grupamento da Pol\u00edcia Militar (GPM) de Santa Cruz do Piau\u00ed. Segundo informa\u00e7\u00f5es do 14\u00b0 Batalh\u00e3o da PM, as chamas foram rapidamente controladas sem feridos e danos \u00e0 estrutura.&nbsp;<\/p>\n\n\n\n<p>Conforme apura\u00e7\u00e3o preliminar da PM, o foco foi causado por um homem que havia sido conduzido at\u00e9 o grupamento para prestar esclarecimentos sobre o envolvimento em uma briga em via p\u00fablica com outras duas pessoas, nas proximidades do mercado da cidade.<\/p>\n\n\n\n<p>Em determinado momento, o homem detido correu at\u00e9 a cozinha do local, pegou um isqueiro e ateou fogo em um colch\u00e3o. As chamas foram debeladas pelos policiais, que tamb\u00e9m prestaram socorro ao suspeito, que n\u00e3o sofreu nenhuma les\u00e3o.<\/p>\n\n\n\n<p>Os demais envolvidos na briga em via p\u00fablica foram detidos posteriormente. Uma equipe da For\u00e7a T\u00e1tica do 14\u00b0 BPM foi acionada para auxiliar no transporte dos suspeitos at\u00e9 a Delegacia Regional de Oeiras, onde foram realizados os procedimentos cab\u00edveis.\u00a0<\/p>\n\n\n\n<p><strong>Fonte: Breno Moreno\/ Cidade Verde<\/strong> <\/p>\n","protected":false},"excerpt":{"rendered":"<p>Um princ\u00edpio de inc\u00eandio atingiu, nesta segunda-feira (20), o pr\u00e9dio do Grupamento da Pol\u00edcia Militar (GPM) de Santa Cruz do Piau\u00ed. Segundo informa\u00e7\u00f5es do 14\u00b0 Batalh\u00e3o da PM, as chamas foram rapidamente controladas sem feridos e danos \u00e0 estrutura.&nbsp; Conforme apura\u00e7\u00e3o preliminar da PM, o foco foi causado por um homem que havia sido conduzido [&hellip;]<\/p>\n","protected":false},"author":4,"featured_media":58032,"comment_status":"open","ping_status":"open","sticky":false,"template":"","format":"standard","meta":{"beyondwords_generate_audio":"1","beyondwords_project_id":"","beyondwords_podcast_id":"","beyondwords_hash":"","beyondwords_error_message":"","beyondwords_disabled":"","publish_post_to_speechkit":"","speechkit_generate_audio":"","speechkit_project_id":"","speechkit_podcast_id":"","speechkit_hash":"","speechkit_error_message":"","speechkit_disabled":"","speechkit_access_key":"","speechkit_error":"","speechkit_info":"","speechkit_response":"","speechkit_retries":"","_speechkit_link":"","_speechkit_text":""},"categories":[51,78],"tags":[5784,251,8335,8902,122,44,736,72,46,1675,12210,1349,52,466,128,7859,130],"jetpack_featured_media_url":"https:\/\/pinews.com.br\/wp-content\/uploads\/2024\/05\/bd059c4e33c02416bf38fe15175967a3.jpg","_links":{"self":[{"href":"https:\/\/pinews.com.br\/index.php\/wp-json\/wp\/v2\/posts\/58031"}],"collection":[{"href":"https:\/\/pinews.com.br\/index.php\/wp-json\/wp\/v2\/posts"}],"about":[{"href":"https:\/\/pinews.com.br\/index.php\/wp-json\/wp\/v2\/types\/post"}],"author":[{"embeddable":true,"href":"https:\/\/pinews.com.br\/index.php\/wp-json\/wp\/v2\/users\/4"}],"replies":[{"embeddable":true,"href":"https:\/\/pinews.com.br\/index.php\/wp-json\/wp\/v2\/comments?post=58031"}],"version-history":[{"count":1,"href":"https:\/\/pinews.com.br\/index.php\/wp-json\/wp\/v2\/posts\/58031\/revisions"}],"predecessor-version":[{"id":58033,"href":"https:\/\/pinews.com.br\/index.php\/wp-json\/wp\/v2\/posts\/58031\/revisions\/58033"}],"wp:featuredmedia":[{"embeddable":true,"href":"https:\/\/pinews.com.br\/index.php\/wp-json\/wp\/v2\/media\/58032"}],"wp:attachment":[{"href":"https:\/\/pinews.com.br\/index.php\/wp-json\/wp\/v2\/media?parent=58031"}],"wp:term":[{"taxonomy":"category","embeddable":true,"href":"https:\/\/pinews.com.br\/index.php\/wp-json\/wp\/v2\/categories?post=58031"},{"taxonomy":"post_tag","embeddable":true,"href":"https:\/\/pinews.com.br\/index.php\/wp-json\/wp\/v2\/tags?post=58031"}],"curies":[{"name":"wp","href":"https:\/\/api.w.org\/{rel}","templated":true}]}}