{"id":58058,"date":"2024-05-22T16:05:52","date_gmt":"2024-05-22T19:05:52","guid":{"rendered":"https:\/\/pinews.com.br\/?p=58058"},"modified":"2024-05-22T16:05:54","modified_gmt":"2024-05-22T19:05:54","slug":"van-escolar-desgovernada-atropela-e-mata-crianca-na-porta-de-colegio-em-joaquim-pires","status":"publish","type":"post","link":"https:\/\/pinews.com.br\/index.php\/2024\/05\/22\/van-escolar-desgovernada-atropela-e-mata-crianca-na-porta-de-colegio-em-joaquim-pires\/","title":{"rendered":"Van escolar desgovernada atropela e mata crian\u00e7a na porta de col\u00e9gio em Joaquim Pires"},"content":{"rendered":"\n<p>Uma crian\u00e7a morreu e outra ficou gravemente ferida ap\u00f3s serem atropeladas, nesta quarta-feira (22), por uma van escolar no munic\u00edpio de Joaquim Pires. Segundo informa\u00e7\u00f5es da Pol\u00edcia Militar (PM), o ve\u00edculo sofreu uma falha mec\u00e2nica em uma ladeira e atingiu as v\u00edtimas, que estavam na porta da escola.&nbsp;<\/p>\n\n\n\n<p>\u201cA van faltou os freios na descida. O local fica na entrada da cidade, no sentido de quem vem de Murici. O ve\u00edculo desceu sem freio. As crian\u00e7as estavam na porta do col\u00e9gio e foram atropeladas. Uma morreu no local e a outra foi socorrida para um hospital local\u201d, informou o subtenente, comandante do Grupamento da PM (GPM) no munic\u00edpio.&nbsp;<\/p>\n\n\n\n<p>O motorista, que n\u00e3o teve a identidade revelada, tamb\u00e9m ficou gravemente ferido e foi socorrido ainda desmaiado ap\u00f3s o acidente. Ele e a outra crian\u00e7a atropelada pela van ser\u00e3o transferidos para o Hospital Estadual Dirceu Arcoverde (HEDA), em Parna\u00edba.<\/p>\n\n\n\n<p><strong>Fonte: Breno Moreno\/ Cidade Verde <\/strong><\/p>\n","protected":false},"excerpt":{"rendered":"<p>Uma crian\u00e7a morreu e outra ficou gravemente ferida ap\u00f3s serem atropeladas, nesta quarta-feira (22), por uma van escolar no munic\u00edpio de Joaquim Pires. Segundo informa\u00e7\u00f5es da Pol\u00edcia Militar (PM), o ve\u00edculo sofreu uma falha mec\u00e2nica em uma ladeira e atingiu as v\u00edtimas, que estavam na porta da escola.&nbsp; \u201cA van faltou os freios na descida. [&hellip;]<\/p>\n","protected":false},"author":4,"featured_media":58059,"comment_status":"open","ping_status":"open","sticky":false,"template":"","format":"standard","meta":{"beyondwords_generate_audio":"1","beyondwords_project_id":"","beyondwords_podcast_id":"","beyondwords_hash":"","beyondwords_error_message":"","beyondwords_disabled":"","publish_post_to_speechkit":"","speechkit_generate_audio":"","speechkit_project_id":"","speechkit_podcast_id":"","speechkit_hash":"","speechkit_error_message":"","speechkit_disabled":"","speechkit_access_key":"","speechkit_error":"","speechkit_info":"","speechkit_response":"","speechkit_retries":"","_speechkit_link":"","_speechkit_text":""},"categories":[51],"tags":[376,7741,221,44,8754,46,7657,9509,49,91,12212,1793,1617],"jetpack_featured_media_url":"https:\/\/pinews.com.br\/wp-content\/uploads\/2024\/05\/Screenshot_20240522_160347_Instagram.jpg","_links":{"self":[{"href":"https:\/\/pinews.com.br\/index.php\/wp-json\/wp\/v2\/posts\/58058"}],"collection":[{"href":"https:\/\/pinews.com.br\/index.php\/wp-json\/wp\/v2\/posts"}],"about":[{"href":"https:\/\/pinews.com.br\/index.php\/wp-json\/wp\/v2\/types\/post"}],"author":[{"embeddable":true,"href":"https:\/\/pinews.com.br\/index.php\/wp-json\/wp\/v2\/users\/4"}],"replies":[{"embeddable":true,"href":"https:\/\/pinews.com.br\/index.php\/wp-json\/wp\/v2\/comments?post=58058"}],"version-history":[{"count":1,"href":"https:\/\/pinews.com.br\/index.php\/wp-json\/wp\/v2\/posts\/58058\/revisions"}],"predecessor-version":[{"id":58060,"href":"https:\/\/pinews.com.br\/index.php\/wp-json\/wp\/v2\/posts\/58058\/revisions\/58060"}],"wp:featuredmedia":[{"embeddable":true,"href":"https:\/\/pinews.com.br\/index.php\/wp-json\/wp\/v2\/media\/58059"}],"wp:attachment":[{"href":"https:\/\/pinews.com.br\/index.php\/wp-json\/wp\/v2\/media?parent=58058"}],"wp:term":[{"taxonomy":"category","embeddable":true,"href":"https:\/\/pinews.com.br\/index.php\/wp-json\/wp\/v2\/categories?post=58058"},{"taxonomy":"post_tag","embeddable":true,"href":"https:\/\/pinews.com.br\/index.php\/wp-json\/wp\/v2\/tags?post=58058"}],"curies":[{"name":"wp","href":"https:\/\/api.w.org\/{rel}","templated":true}]}}