{"id":58137,"date":"2024-05-27T17:42:49","date_gmt":"2024-05-27T20:42:49","guid":{"rendered":"https:\/\/pinews.com.br\/?p=58137"},"modified":"2024-05-27T17:42:50","modified_gmt":"2024-05-27T20:42:50","slug":"idoso-morre-atropelado-por-motocicleta-ao-atravessar-a-br-230-em-floriano","status":"publish","type":"post","link":"https:\/\/pinews.com.br\/index.php\/2024\/05\/27\/idoso-morre-atropelado-por-motocicleta-ao-atravessar-a-br-230-em-floriano\/","title":{"rendered":"Idoso morre atropelado por motocicleta ao atravessar a BR-230 em Floriano"},"content":{"rendered":"\n<p>Um idoso de 73 anos morreu ap\u00f3s ser atropelado na BR-230 na cidade de Floriano, na manh\u00e3 desta segunda-feira (27). O condutor da moto e a passageira sofreram apenas les\u00f5es leves.<\/p>\n\n\n\n<p>De acordo com as informa\u00e7\u00f5es fornecidas pela\u00a0Pol\u00edcia Rodovi\u00e1ria Federal\u00a0(PRF),\u00a0o acidente aconteceu por volta de 8h30, quando o idoso tentou atravessar a via e a motocicleta colidiu contra ele.\u00a0Uma ambul\u00e2ncia do Servi\u00e7o de Atendimento M\u00f3vel de Urg\u00eancia (SAMU) foi acionada e socorreu as v\u00edtimas.\u00a0<\/p>\n\n\n\n<p>O idoso foi socorrido ainda com vida pelos profissionais do SAMU at\u00e9 a Unidade de Pronto Atendimento (UPA) de Floriano, mas foi \u00e0 \u00f3bito na unidade de sa\u00fade.\u00a0Enquanto o piloto da moto, de \u00a046 anos, e a passageira de 16 anos, sofreram apenas ferimentos leves e n\u00e3o necessitaram de atendimento m\u00e9dico.<\/p>\n\n\n\n<p>A PRF compareceu ao local do acidente e\u00a0realizou teste de alcoolemia no condutor da moto, que testou negativo para ingest\u00e3o de \u00e1lcool.<\/p>\n\n\n\n<p><strong>Fonte: Meio News<\/strong><\/p>\n","protected":false},"excerpt":{"rendered":"<p>Um idoso de 73 anos morreu ap\u00f3s ser atropelado na BR-230 na cidade de Floriano, na manh\u00e3 desta segunda-feira (27). O condutor da moto e a passageira sofreram apenas les\u00f5es leves. De acordo com as informa\u00e7\u00f5es fornecidas pela\u00a0Pol\u00edcia Rodovi\u00e1ria Federal\u00a0(PRF),\u00a0o acidente aconteceu por volta de 8h30, quando o idoso tentou atravessar a via e a [&hellip;]<\/p>\n","protected":false},"author":4,"featured_media":58138,"comment_status":"open","ping_status":"open","sticky":false,"template":"","format":"standard","meta":{"beyondwords_generate_audio":"1","beyondwords_project_id":"","beyondwords_podcast_id":"","beyondwords_hash":"","beyondwords_error_message":"","beyondwords_disabled":"","publish_post_to_speechkit":"","speechkit_generate_audio":"","speechkit_project_id":"","speechkit_podcast_id":"","speechkit_hash":"","speechkit_error_message":"","speechkit_disabled":"","speechkit_access_key":"","speechkit_error":"","speechkit_info":"","speechkit_response":"","speechkit_retries":"","_speechkit_link":"","_speechkit_text":""},"categories":[51],"tags":[132,6507,61,171,46,666,64,119,179,59],"jetpack_featured_media_url":"https:\/\/pinews.com.br\/wp-content\/uploads\/2024\/05\/idoso-morre-atropelado-por-motocicleta-ao-atravessar-a-br-230-em-floriano-80c1e599-c21b-4889-a3a8-511a99ea66f8.jpg.jpeg","_links":{"self":[{"href":"https:\/\/pinews.com.br\/index.php\/wp-json\/wp\/v2\/posts\/58137"}],"collection":[{"href":"https:\/\/pinews.com.br\/index.php\/wp-json\/wp\/v2\/posts"}],"about":[{"href":"https:\/\/pinews.com.br\/index.php\/wp-json\/wp\/v2\/types\/post"}],"author":[{"embeddable":true,"href":"https:\/\/pinews.com.br\/index.php\/wp-json\/wp\/v2\/users\/4"}],"replies":[{"embeddable":true,"href":"https:\/\/pinews.com.br\/index.php\/wp-json\/wp\/v2\/comments?post=58137"}],"version-history":[{"count":1,"href":"https:\/\/pinews.com.br\/index.php\/wp-json\/wp\/v2\/posts\/58137\/revisions"}],"predecessor-version":[{"id":58139,"href":"https:\/\/pinews.com.br\/index.php\/wp-json\/wp\/v2\/posts\/58137\/revisions\/58139"}],"wp:featuredmedia":[{"embeddable":true,"href":"https:\/\/pinews.com.br\/index.php\/wp-json\/wp\/v2\/media\/58138"}],"wp:attachment":[{"href":"https:\/\/pinews.com.br\/index.php\/wp-json\/wp\/v2\/media?parent=58137"}],"wp:term":[{"taxonomy":"category","embeddable":true,"href":"https:\/\/pinews.com.br\/index.php\/wp-json\/wp\/v2\/categories?post=58137"},{"taxonomy":"post_tag","embeddable":true,"href":"https:\/\/pinews.com.br\/index.php\/wp-json\/wp\/v2\/tags?post=58137"}],"curies":[{"name":"wp","href":"https:\/\/api.w.org\/{rel}","templated":true}]}}