{"id":58157,"date":"2024-05-28T18:35:26","date_gmt":"2024-05-28T21:35:26","guid":{"rendered":"https:\/\/pinews.com.br\/?p=58157"},"modified":"2024-05-28T18:35:28","modified_gmt":"2024-05-28T21:35:28","slug":"lavrador-morre-no-hut-apos-ser-agredido-a-pauladas-por-primo-no-piaui","status":"publish","type":"post","link":"https:\/\/pinews.com.br\/index.php\/2024\/05\/28\/lavrador-morre-no-hut-apos-ser-agredido-a-pauladas-por-primo-no-piaui\/","title":{"rendered":"Lavrador morre no HUT ap\u00f3s ser agredido a pauladas por primo no Piau\u00ed"},"content":{"rendered":"\n<p>O lavrador Francisco das Chagas Nascimento Lima, de 45 anos, morreu no Hospital de Urg\u00eancia de Teresina (HUT) na \u00faltima segunda-feira (27\/05), ap\u00f3s oito dias internado em estado grave. A v\u00edtima foi brutalmente agredida a pauladas pelo pr\u00f3prio primo durante uma bebedeira em um bar na localidade \u00c1gua Fria, zona rural de Campo Maior.<\/p>\n\n\n\n<p>O crime ocorreu na segunda-feira (20\/05), e o suspeito foi preso pela For\u00e7a T\u00e1tica da Pol\u00edcia Militar de Campo Maior ainda na mesma noite. A v\u00edtima, inicialmente socorrida pelo SAMU e encaminhada para o Hospital Regional de Campo Maior, teve que ser transferida para o HUT em Teresina devido \u00e0 gravidade dos ferimentos. Infelizmente, Francisco n\u00e3o resistiu e faleceu no hospital.<\/p>\n\n\n\n<p>O caso est\u00e1 sendo investigado pela Pol\u00edcia Civil de Campo Maior, que apura as circunst\u00e2ncias do crime e a motiva\u00e7\u00e3o para a agress\u00e3o. O primo de Francisco, preso em flagrante, permanece detido \u00e0 disposi\u00e7\u00e3o da Justi\u00e7a.<\/p>\n\n\n\n<p><strong>Fonte: 180 graus<\/strong><\/p>\n","protected":false},"excerpt":{"rendered":"<p>O lavrador Francisco das Chagas Nascimento Lima, de 45 anos, morreu no Hospital de Urg\u00eancia de Teresina (HUT) na \u00faltima segunda-feira (27\/05), ap\u00f3s oito dias internado em estado grave. A v\u00edtima foi brutalmente agredida a pauladas pelo pr\u00f3prio primo durante uma bebedeira em um bar na localidade \u00c1gua Fria, zona rural de Campo Maior. O [&hellip;]<\/p>\n","protected":false},"author":4,"featured_media":58158,"comment_status":"open","ping_status":"open","sticky":false,"template":"","format":"standard","meta":{"beyondwords_generate_audio":"1","beyondwords_project_id":"","beyondwords_podcast_id":"","beyondwords_hash":"","beyondwords_error_message":"","beyondwords_disabled":"","publish_post_to_speechkit":"","speechkit_generate_audio":"","speechkit_project_id":"","speechkit_podcast_id":"","speechkit_hash":"","speechkit_error_message":"","speechkit_disabled":"","speechkit_access_key":"","speechkit_error":"","speechkit_info":"","speechkit_response":"","speechkit_retries":"","_speechkit_link":"","_speechkit_text":""},"categories":[51,78],"tags":[1638,70,1791,1603,119,318,52,59,2138,139],"jetpack_featured_media_url":"https:\/\/pinews.com.br\/wp-content\/uploads\/2024\/05\/chico-piranha_5420187414716254988.jpg","_links":{"self":[{"href":"https:\/\/pinews.com.br\/index.php\/wp-json\/wp\/v2\/posts\/58157"}],"collection":[{"href":"https:\/\/pinews.com.br\/index.php\/wp-json\/wp\/v2\/posts"}],"about":[{"href":"https:\/\/pinews.com.br\/index.php\/wp-json\/wp\/v2\/types\/post"}],"author":[{"embeddable":true,"href":"https:\/\/pinews.com.br\/index.php\/wp-json\/wp\/v2\/users\/4"}],"replies":[{"embeddable":true,"href":"https:\/\/pinews.com.br\/index.php\/wp-json\/wp\/v2\/comments?post=58157"}],"version-history":[{"count":1,"href":"https:\/\/pinews.com.br\/index.php\/wp-json\/wp\/v2\/posts\/58157\/revisions"}],"predecessor-version":[{"id":58159,"href":"https:\/\/pinews.com.br\/index.php\/wp-json\/wp\/v2\/posts\/58157\/revisions\/58159"}],"wp:featuredmedia":[{"embeddable":true,"href":"https:\/\/pinews.com.br\/index.php\/wp-json\/wp\/v2\/media\/58158"}],"wp:attachment":[{"href":"https:\/\/pinews.com.br\/index.php\/wp-json\/wp\/v2\/media?parent=58157"}],"wp:term":[{"taxonomy":"category","embeddable":true,"href":"https:\/\/pinews.com.br\/index.php\/wp-json\/wp\/v2\/categories?post=58157"},{"taxonomy":"post_tag","embeddable":true,"href":"https:\/\/pinews.com.br\/index.php\/wp-json\/wp\/v2\/tags?post=58157"}],"curies":[{"name":"wp","href":"https:\/\/api.w.org\/{rel}","templated":true}]}}