{"id":58283,"date":"2024-06-04T10:53:49","date_gmt":"2024-06-04T13:53:49","guid":{"rendered":"https:\/\/pinews.com.br\/?p=58283"},"modified":"2024-06-04T10:53:51","modified_gmt":"2024-06-04T13:53:51","slug":"homem-e-morto-a-golpes-de-faca-em-bar-por-causa-de-rixa-com-desafeto-no-piaui","status":"publish","type":"post","link":"https:\/\/pinews.com.br\/index.php\/2024\/06\/04\/homem-e-morto-a-golpes-de-faca-em-bar-por-causa-de-rixa-com-desafeto-no-piaui\/","title":{"rendered":"Homem \u00e9 morto a golpes de faca em bar por causa de rixa com desafeto no Piau\u00ed"},"content":{"rendered":"\n<p>Um homem identificado como Luciano da Silva, conhecido por &#8220;Padim Bicudo&#8221;,  de 44 anos, foi morto a golpes de faca na manh\u00e3 desta ter\u00e7a-feira (04\/06), em um bar no Conjunto Cajueiro, no bairro Canela, em Oeiras\/PI. <\/p>\n\n\n\n<p>O suspeito foi identificado e preso em flagrante na Ladeira Carcar\u00e1. Ele tem 35 anos. O motivo do homic\u00eddio estaria ligado a uma rixa antiga, pois o suspeito j\u00e1 teria sido ferido por Luciano. <\/p>\n\n\n\n<p>Ambos v\u00edtima e suspeito j\u00e1 possu\u00edam passagens pelo sistema prisional do Piau\u00ed. A Pol\u00edcia Civil investiga o caso e busca determinar todos os detalhes do crime.<\/p>\n\n\n\n<p>Luciano era bastante conhecido no bairro Canela e j\u00e1 havia perdido dois irm\u00e3os em crimes violentos.<\/p>\n\n\n\n<p><strong>Fonte: 180 graus<\/strong><\/p>\n","protected":false},"excerpt":{"rendered":"<p>Um homem identificado como Luciano da Silva, conhecido por &#8220;Padim Bicudo&#8221;, de 44 anos, foi morto a golpes de faca na manh\u00e3 desta ter\u00e7a-feira (04\/06), em um bar no Conjunto Cajueiro, no bairro Canela, em Oeiras\/PI. O suspeito foi identificado e preso em flagrante na Ladeira Carcar\u00e1. Ele tem 35 anos. O motivo do homic\u00eddio [&hellip;]<\/p>\n","protected":false},"author":4,"featured_media":58284,"comment_status":"open","ping_status":"open","sticky":false,"template":"","format":"standard","meta":{"beyondwords_generate_audio":"1","beyondwords_project_id":"","beyondwords_podcast_id":"","beyondwords_hash":"","beyondwords_error_message":"","beyondwords_disabled":"","publish_post_to_speechkit":"","speechkit_generate_audio":"","speechkit_project_id":"","speechkit_podcast_id":"","speechkit_hash":"","speechkit_error_message":"","speechkit_disabled":"","speechkit_access_key":"","speechkit_error":"","speechkit_info":"","speechkit_response":"","speechkit_retries":"","_speechkit_link":"","_speechkit_text":""},"categories":[51,78],"tags":[1165,172,44,6801,72,46,247,83,84,197,52,59,4831],"jetpack_featured_media_url":"https:\/\/pinews.com.br\/wp-content\/uploads\/2024\/06\/pm-de-oeiras_-6022838323363639948.png","_links":{"self":[{"href":"https:\/\/pinews.com.br\/index.php\/wp-json\/wp\/v2\/posts\/58283"}],"collection":[{"href":"https:\/\/pinews.com.br\/index.php\/wp-json\/wp\/v2\/posts"}],"about":[{"href":"https:\/\/pinews.com.br\/index.php\/wp-json\/wp\/v2\/types\/post"}],"author":[{"embeddable":true,"href":"https:\/\/pinews.com.br\/index.php\/wp-json\/wp\/v2\/users\/4"}],"replies":[{"embeddable":true,"href":"https:\/\/pinews.com.br\/index.php\/wp-json\/wp\/v2\/comments?post=58283"}],"version-history":[{"count":1,"href":"https:\/\/pinews.com.br\/index.php\/wp-json\/wp\/v2\/posts\/58283\/revisions"}],"predecessor-version":[{"id":58285,"href":"https:\/\/pinews.com.br\/index.php\/wp-json\/wp\/v2\/posts\/58283\/revisions\/58285"}],"wp:featuredmedia":[{"embeddable":true,"href":"https:\/\/pinews.com.br\/index.php\/wp-json\/wp\/v2\/media\/58284"}],"wp:attachment":[{"href":"https:\/\/pinews.com.br\/index.php\/wp-json\/wp\/v2\/media?parent=58283"}],"wp:term":[{"taxonomy":"category","embeddable":true,"href":"https:\/\/pinews.com.br\/index.php\/wp-json\/wp\/v2\/categories?post=58283"},{"taxonomy":"post_tag","embeddable":true,"href":"https:\/\/pinews.com.br\/index.php\/wp-json\/wp\/v2\/tags?post=58283"}],"curies":[{"name":"wp","href":"https:\/\/api.w.org\/{rel}","templated":true}]}}