{"id":58355,"date":"2024-06-08T21:02:40","date_gmt":"2024-06-09T00:02:40","guid":{"rendered":"https:\/\/pinews.com.br\/?p=58355"},"modified":"2024-06-08T21:02:41","modified_gmt":"2024-06-09T00:02:41","slug":"mae-e-filho-sao-assassinados-a-facadas-apos-discussao-por-pensao-suspeito-foi-preso","status":"publish","type":"post","link":"https:\/\/pinews.com.br\/index.php\/2024\/06\/08\/mae-e-filho-sao-assassinados-a-facadas-apos-discussao-por-pensao-suspeito-foi-preso\/","title":{"rendered":"M\u00e3e e filho s\u00e3o assassinados a facadas ap\u00f3s discuss\u00e3o por pens\u00e3o; suspeito foi preso"},"content":{"rendered":"\n<p>M\u00e3e e filho foram assassinados a facadas na noite dessa sexta-feira (7) na cidade de S\u00e3o Vicente do\u00a0Serid\u00f3, na regi\u00e3o do Serid\u00f3 paraibano. O principal suspeito \u00e9 o ex-marido da v\u00edtima, de acordo com as informa\u00e7\u00f5es levantadas pela 23\u00aa Delegacia Seccional de Pol\u00edcia Civil.<\/p>\n\n\n\n<p>Segundo a Pol\u00edcia, o suspeito, identificado como Jos\u00e9 Adriano Simpl\u00edcio Costa, de 47 anos, teria cometido o crime ap\u00f3s discutir com a v\u00edtima a respeito do pagamento da pens\u00e3o aliment\u00edcia, motivo pelo qual j\u00e1 havia sido preso no in\u00edcio do ano por atraso.<\/p>\n\n\n\n<p>Durante a discuss\u00e3o o homem partiu para cima da ex-esposa, Fabiana da Costa Oliveira, de 32 anos e do adolescente Pedro Kaic da Costa, de 15 anos, esfaqueando os dois.<\/p>\n\n\n\n<p>De acordo com a delegada seccional da 23\u00aa Delegacia Seccional da Pol\u00edcia Civil (DSPC), Mairam Moura, o suspeito teria tentado fugir quando foi abordado por policiais na zona rural de Pedra Lavrada e desferido golpes contra si mesmo com a arma do crime.<\/p>\n\n\n\n<p>A Pol\u00edcia conteve o suspeito e o levou sob cust\u00f3dia para o Hospital de S\u00e3o Vicente do Serid\u00f3, do qual ele foi transferido para o Hospital de Trauma em Campina Grande por agravamento de sua condi\u00e7\u00e3o.<\/p>\n\n\n\n<p>Ainda segundo a delegada Mairam Moura, Jos\u00e9 Adriano vai responder por homic\u00eddio por motivo f\u00fatil e feminic\u00eddio.<\/p>\n\n\n\n<p><strong>Fonte: G1 <\/strong><\/p>\n","protected":false},"excerpt":{"rendered":"<p>M\u00e3e e filho foram assassinados a facadas na noite dessa sexta-feira (7) na cidade de S\u00e3o Vicente do\u00a0Serid\u00f3, na regi\u00e3o do Serid\u00f3 paraibano. O principal suspeito \u00e9 o ex-marido da v\u00edtima, de acordo com as informa\u00e7\u00f5es levantadas pela 23\u00aa Delegacia Seccional de Pol\u00edcia Civil. Segundo a Pol\u00edcia, o suspeito, identificado como Jos\u00e9 Adriano Simpl\u00edcio Costa, [&hellip;]<\/p>\n","protected":false},"author":1,"featured_media":58356,"comment_status":"open","ping_status":"open","sticky":false,"template":"","format":"standard","meta":{"beyondwords_generate_audio":"","beyondwords_project_id":"","beyondwords_podcast_id":"","beyondwords_hash":"","beyondwords_error_message":"","beyondwords_disabled":"","publish_post_to_speechkit":"","speechkit_generate_audio":"","speechkit_project_id":"","speechkit_podcast_id":"","speechkit_hash":"","speechkit_error_message":"","speechkit_disabled":"","speechkit_access_key":"","speechkit_error":"","speechkit_info":"","speechkit_response":"","speechkit_retries":"","_speechkit_link":"","_speechkit_text":""},"categories":[134,78],"tags":[70,586,831,479,289,1066,117,1772,59,79,362,130],"jetpack_featured_media_url":"https:\/\/pinews.com.br\/wp-content\/uploads\/2024\/06\/mae-e-filho-feminicidio.jpg","_links":{"self":[{"href":"https:\/\/pinews.com.br\/index.php\/wp-json\/wp\/v2\/posts\/58355"}],"collection":[{"href":"https:\/\/pinews.com.br\/index.php\/wp-json\/wp\/v2\/posts"}],"about":[{"href":"https:\/\/pinews.com.br\/index.php\/wp-json\/wp\/v2\/types\/post"}],"author":[{"embeddable":true,"href":"https:\/\/pinews.com.br\/index.php\/wp-json\/wp\/v2\/users\/1"}],"replies":[{"embeddable":true,"href":"https:\/\/pinews.com.br\/index.php\/wp-json\/wp\/v2\/comments?post=58355"}],"version-history":[{"count":1,"href":"https:\/\/pinews.com.br\/index.php\/wp-json\/wp\/v2\/posts\/58355\/revisions"}],"predecessor-version":[{"id":58357,"href":"https:\/\/pinews.com.br\/index.php\/wp-json\/wp\/v2\/posts\/58355\/revisions\/58357"}],"wp:featuredmedia":[{"embeddable":true,"href":"https:\/\/pinews.com.br\/index.php\/wp-json\/wp\/v2\/media\/58356"}],"wp:attachment":[{"href":"https:\/\/pinews.com.br\/index.php\/wp-json\/wp\/v2\/media?parent=58355"}],"wp:term":[{"taxonomy":"category","embeddable":true,"href":"https:\/\/pinews.com.br\/index.php\/wp-json\/wp\/v2\/categories?post=58355"},{"taxonomy":"post_tag","embeddable":true,"href":"https:\/\/pinews.com.br\/index.php\/wp-json\/wp\/v2\/tags?post=58355"}],"curies":[{"name":"wp","href":"https:\/\/api.w.org\/{rel}","templated":true}]}}