{"id":58361,"date":"2024-06-08T21:10:32","date_gmt":"2024-06-09T00:10:32","guid":{"rendered":"https:\/\/pinews.com.br\/?p=58361"},"modified":"2024-06-08T21:11:35","modified_gmt":"2024-06-09T00:11:35","slug":"suspeito-de-matar-cunhado-com-golpes-de-capacete-e-morto-com-tiro-no-rosto-horas-apos-o-crime-no-piaui","status":"publish","type":"post","link":"https:\/\/pinews.com.br\/index.php\/2024\/06\/08\/suspeito-de-matar-cunhado-com-golpes-de-capacete-e-morto-com-tiro-no-rosto-horas-apos-o-crime-no-piaui\/","title":{"rendered":"Suspeito de matar cunhado com golpes de capacete \u00e9 morto com tiro no rosto horas ap\u00f3s o crime no Piau\u00ed"},"content":{"rendered":"\n<p>Nilton C\u00e9sar Pereira de Sousa, de 41 anos, foi morto com um tiro no rosto, na madrugada deste s\u00e1bado (8), no residencial Padre Pedro Balzi, Zona Sudeste de Teresina.<\/p>\n\n\n\n<p>Segundo a Pol\u00edcia Civil do Piau\u00ed (PCPI), ele \u00e9 apontado como suspeito de ter matado o cunhado, Gleydson Reis Alves Oliveira, com golpes de capacete horas antes de ser morto.<\/p>\n\n\n\n<p>A motiva\u00e7\u00e3o do crime ainda \u00e9 desconhecida. H\u00e1 apenas a informa\u00e7\u00e3o de que eles teriam tido um desentendimento e entraram em luta corporal, momento em que Nilton C\u00e9sar teria dado v\u00e1rios golpes de capacete em Gleydson, que chegou a ser socorrido, mas n\u00e3o resistiu aos ferimentos e morreu.<\/p>\n\n\n\n<p>Cerca de tr\u00eas horas depois, Nilton C\u00e9sar foi perseguido e morto com pelo menos um tiro, no rosto. Por isso, a pol\u00edcia acredita que a motiva\u00e7\u00e3o para este crime tenha sido de vingan\u00e7a, pela morte de Gleydson.<\/p>\n\n\n\n<p>A autoria deste crime ainda \u00e9 desconhecida. Nenhum suspeito foi preso ou identificado at\u00e9 o momento. O caso ser\u00e1 investigado pelo Departamento de Homic\u00eddio e Prote\u00e7\u00e3o \u00e0 Pessoa (DHPP), da PCPI.<\/p>\n\n\n\n<p><strong>Fonte: G1 PI <\/strong><\/p>\n","protected":false},"excerpt":{"rendered":"<p>Nilton C\u00e9sar Pereira de Sousa, de 41 anos, foi morto com um tiro no rosto, na madrugada deste s\u00e1bado (8), no residencial Padre Pedro Balzi, Zona Sudeste de Teresina. Segundo a Pol\u00edcia Civil do Piau\u00ed (PCPI), ele \u00e9 apontado como suspeito de ter matado o cunhado, Gleydson Reis Alves Oliveira, com golpes de capacete horas [&hellip;]<\/p>\n","protected":false},"author":4,"featured_media":47773,"comment_status":"open","ping_status":"open","sticky":false,"template":"","format":"standard","meta":{"beyondwords_generate_audio":"","beyondwords_project_id":"","beyondwords_podcast_id":"","beyondwords_hash":"","beyondwords_error_message":"","beyondwords_disabled":"","publish_post_to_speechkit":"","speechkit_generate_audio":"","speechkit_project_id":"","speechkit_podcast_id":"","speechkit_hash":"","speechkit_error_message":"","speechkit_disabled":"","speechkit_access_key":"","speechkit_error":"","speechkit_info":"","speechkit_response":"","speechkit_retries":"","_speechkit_link":"","_speechkit_text":""},"categories":[51,78],"tags":[70,1598,558,90,44,72,83,5344,85,197,52,6846,130,527],"jetpack_featured_media_url":"https:\/\/pinews.com.br\/wp-content\/uploads\/2023\/04\/iml_teresina_014.webp","_links":{"self":[{"href":"https:\/\/pinews.com.br\/index.php\/wp-json\/wp\/v2\/posts\/58361"}],"collection":[{"href":"https:\/\/pinews.com.br\/index.php\/wp-json\/wp\/v2\/posts"}],"about":[{"href":"https:\/\/pinews.com.br\/index.php\/wp-json\/wp\/v2\/types\/post"}],"author":[{"embeddable":true,"href":"https:\/\/pinews.com.br\/index.php\/wp-json\/wp\/v2\/users\/4"}],"replies":[{"embeddable":true,"href":"https:\/\/pinews.com.br\/index.php\/wp-json\/wp\/v2\/comments?post=58361"}],"version-history":[{"count":1,"href":"https:\/\/pinews.com.br\/index.php\/wp-json\/wp\/v2\/posts\/58361\/revisions"}],"predecessor-version":[{"id":58363,"href":"https:\/\/pinews.com.br\/index.php\/wp-json\/wp\/v2\/posts\/58361\/revisions\/58363"}],"wp:featuredmedia":[{"embeddable":true,"href":"https:\/\/pinews.com.br\/index.php\/wp-json\/wp\/v2\/media\/47773"}],"wp:attachment":[{"href":"https:\/\/pinews.com.br\/index.php\/wp-json\/wp\/v2\/media?parent=58361"}],"wp:term":[{"taxonomy":"category","embeddable":true,"href":"https:\/\/pinews.com.br\/index.php\/wp-json\/wp\/v2\/categories?post=58361"},{"taxonomy":"post_tag","embeddable":true,"href":"https:\/\/pinews.com.br\/index.php\/wp-json\/wp\/v2\/tags?post=58361"}],"curies":[{"name":"wp","href":"https:\/\/api.w.org\/{rel}","templated":true}]}}