{"id":58413,"date":"2024-06-12T13:20:08","date_gmt":"2024-06-12T16:20:08","guid":{"rendered":"https:\/\/pinews.com.br\/?p=58413"},"modified":"2024-06-12T13:20:53","modified_gmt":"2024-06-12T16:20:53","slug":"choque-eletrico-funcionario-da-equatorial-morre-apos-sofrer-descarga-e-homem-morre-durante-manutencao-de-ar-condicionado-no-piaui","status":"publish","type":"post","link":"https:\/\/pinews.com.br\/index.php\/2024\/06\/12\/choque-eletrico-funcionario-da-equatorial-morre-apos-sofrer-descarga-e-homem-morre-durante-manutencao-de-ar-condicionado-no-piaui\/","title":{"rendered":"Choque el\u00e9trico: funcion\u00e1rio da Equatorial morre ap\u00f3s sofrer descarga e homem morre durante manuten\u00e7\u00e3o de ar-condicionado no Piau\u00ed"},"content":{"rendered":"\n<p>Duas ocorr\u00eancias envolvendo choque el\u00e9trico foram registradas no Piau\u00ed, na ter\u00e7a-feira (11). Em Jos\u00e9 de Freitas, a 53 km de Teresina, um funcion\u00e1rio morreu ap\u00f3s sofrer uma descarga el\u00e9trica enquanto fazia uma liga\u00e7\u00e3o dom\u00e9stica. E na capital, um homem morreu eletrocutado durante a manuten\u00e7\u00e3o de um ar-condicionado.<\/p>\n\n\n\n<h2>Morte em Jos\u00e9 de Freitas<\/h2>\n\n\n\n<figure class=\"wp-block-image\"><img decoding=\"async\" src=\"https:\/\/s2-g1.glbimg.com\/duMH2xjBa5DRNY_NBK7rkUmL5xo=\/0x0:1600x837\/984x0\/smart\/filters:strip_icc()\/i.s3.glbimg.com\/v1\/AUTH_59edd422c0c84a879bd37670ae4f538a\/internal_photos\/bs\/2024\/3\/e\/jo3bGpQPymg7AFq5sXRw\/whatsapp-image-2024-06-12-at-7.55.15-am.jpeg\" alt=\"Funcion\u00e1rio terceirizado da Equatorial morre ap\u00f3s sofrer descarga el\u00e9trica no Piau\u00ed \u2014 Foto: Divulga\u00e7\u00e3o\/PMPI\"\/><figcaption class=\"wp-element-caption\">Funcion\u00e1rio terceirizado da Equatorial morre ap\u00f3s sofrer descarga el\u00e9trica no Piau\u00ed \u2014 Foto: Divulga\u00e7\u00e3o\/PMPI<\/figcaption><\/figure>\n\n\n\n<p>Lucas Cardoso Silva, de 27 anos, morreu no povoado Graciosa, zona rural de Jos\u00e9 de Freitas. Segundo o sargento Fabiano, do 16\u00ba Batalh\u00e3o de Pol\u00edcia Militar (BPM), ele era&nbsp;funcion\u00e1rio terceirizado da Equatorial Piau\u00ed e caiu do poste em que estava fazendo a liga\u00e7\u00e3o&nbsp;no momento da descarga.<\/p>\n\n\n\n<p>\u201cEle estava no topo de um poste e caiu de l\u00e1. A per\u00edcia e o IML foram acionados para constatar se o \u00f3bito foi realmente causado pela descarga ou por outro motivo\u201d, informou o sargento.<\/p>\n\n\n\n<p>Em nota, a Equatorial Piau\u00ed lamentou a morte do funcion\u00e1rio terceirizado e colocou seus t\u00e9cnicos e especialistas \u00e0 disposi\u00e7\u00e3o para investigar o acidente. Leia a nota completa abaixo:<\/p>\n\n\n\n<p><em>A Equatorial Piau\u00ed lamenta profundamente o falecimento do colaborador da empresa D\u00ednamo, na zona rural do munic\u00edpio de Jos\u00e9 de Freitas, ocorrido na tarde desta ter\u00e7a-feira (11). A distribuidora informa ainda que est\u00e1 apurando o fato com seus t\u00e9cnicos e especialistas, se colocando \u00e0 disposi\u00e7\u00e3o das autoridades competentes durante a investiga\u00e7\u00e3o.<\/em><\/p>\n\n\n\n<h2>Homem morre eletrocutado em Teresina<\/h2>\n\n\n\n<p>O outro caso foi o de um homem identificado apenas como&nbsp;H\u00e9lio.<strong>&nbsp;<\/strong>Registrado horas depois da ocorr\u00eancia em Jos\u00e9 de Freitas, na noite de ter\u00e7a, na Rua Rui Barbosa, Centro da capital.<\/p>\n\n\n\n<figure class=\"wp-block-image\"><img decoding=\"async\" src=\"https:\/\/s2-g1.glbimg.com\/9RIYl8euvywCBbBGO-0zJzk_d7U=\/0x0:589x731\/984x0\/smart\/filters:strip_icc()\/i.s3.glbimg.com\/v1\/AUTH_59edd422c0c84a879bd37670ae4f538a\/internal_photos\/bs\/2024\/g\/w\/YuDnF2RUCAiRru64Ee4A\/whatsapp-image-2024-06-12-at-8.15.54-am.jpeg\" alt=\"Homem morre eletrocutado ao realizar manuten\u00e7\u00e3o de ar-condicionado em Teresina \u2014 Foto: Divulga\u00e7\u00e3o\/CBMEPI\"\/><figcaption class=\"wp-element-caption\">Homem morre eletrocutado ao realizar manuten\u00e7\u00e3o de ar-condicionado em Teresina \u2014 Foto: Divulga\u00e7\u00e3o\/CBMEPI<\/figcaption><\/figure>\n\n\n\n<p>Conforme o Corpo de Bombeiros, a v\u00edtima era natural de Timon (MA) e&nbsp;realizava a manuten\u00e7\u00e3o de um aparelho de ar-condicionado quando sofreu o choque el\u00e9trico.<\/p>\n\n\n\n<p>H\u00e9lio chegou a ser socorrido pelo Servi\u00e7o de Atendimento M\u00f3vel de Urg\u00eancia (Samu), mas n\u00e3o resistiu. A per\u00edcia e o IML tamb\u00e9m foram acionados e estiveram no local.<\/p>\n\n\n\n<h2>Cuidados com choques el\u00e9tricos<\/h2>\n\n\n\n<p>O Corpo de Bombeiros d\u00e1 algumas recomenda\u00e7\u00f5es para evitar choque el\u00e9trico em equipamentos eletroeletr\u00f4nicos, fios, m\u00e1quinas e\/ou tanques de lavar:<\/p>\n\n\n\n<ul>\n<li>Impurezas dissolvidas na \u00e1gua s\u00e3o respons\u00e1veis por conduzir a corrente el\u00e9trica. \u00c9 importante evitar molhar o ch\u00e3o quando houver equipamentos ligados;<\/li>\n\n\n\n<li>\u00c9 importante usar um cal\u00e7ado isolante, com material de borracha;<\/li>\n\n\n\n<li>Cabos de metal em vassouras ou rodos podem conduzir eletricidade e s\u00e3o perigosos;<\/li>\n\n\n\n<li>N\u00e3o tocar em tomadas com as m\u00e3os ou p\u00e9s molhados;<\/li>\n\n\n\n<li>Evitar a utiliza\u00e7\u00e3o de extens\u00f5es com emendas;<\/li>\n\n\n\n<li>Em caso de necessidade de realiza\u00e7\u00e3o de reparos na instala\u00e7\u00e3o, \u00e9 importante consultar um eletricista;<\/li>\n\n\n\n<li>Desligar aparelhos da tomada antes de limpar ou realizar alguma manuten\u00e7\u00e3o. N\u00e3o puxar da tomada pelo fio, puxar pelo plugue;<\/li>\n\n\n\n<li>Em caso de crian\u00e7as, instalar protetor pl\u00e1stico nas tomadas;<\/li>\n\n\n\n<li>Evitar sobrecarga: n\u00e3o utilizar adaptadores, T\u2019s ou extens\u00f5es.<\/li>\n<\/ul>\n\n\n\n<p><strong>Fonte: G1 PI <\/strong><\/p>\n","protected":false},"excerpt":{"rendered":"<p>Duas ocorr\u00eancias envolvendo choque el\u00e9trico foram registradas no Piau\u00ed, na ter\u00e7a-feira (11). Em Jos\u00e9 de Freitas, a 53 km de Teresina, um funcion\u00e1rio morreu ap\u00f3s sofrer uma descarga el\u00e9trica enquanto fazia uma liga\u00e7\u00e3o dom\u00e9stica. E na capital, um homem morreu eletrocutado durante a manuten\u00e7\u00e3o de um ar-condicionado. Morte em Jos\u00e9 de Freitas Lucas Cardoso Silva, [&hellip;]<\/p>\n","protected":false},"author":4,"featured_media":58414,"comment_status":"open","ping_status":"open","sticky":false,"template":"","format":"standard","meta":{"beyondwords_generate_audio":"","beyondwords_project_id":"","beyondwords_podcast_id":"","beyondwords_hash":"","beyondwords_error_message":"","beyondwords_disabled":"","publish_post_to_speechkit":"","speechkit_generate_audio":"","speechkit_project_id":"","speechkit_podcast_id":"","speechkit_hash":"","speechkit_error_message":"","speechkit_disabled":"","speechkit_access_key":"","speechkit_error":"","speechkit_info":"","speechkit_response":"","speechkit_retries":"","_speechkit_link":"","_speechkit_text":""},"categories":[51,78],"tags":[70,9566,5553,122,44,564,45,5817,984,74,84,57,119,52,354],"jetpack_featured_media_url":"https:\/\/pinews.com.br\/wp-content\/uploads\/2024\/06\/whatsapp-image-2024-06-12-at-7.55.15-am.jpeg","_links":{"self":[{"href":"https:\/\/pinews.com.br\/index.php\/wp-json\/wp\/v2\/posts\/58413"}],"collection":[{"href":"https:\/\/pinews.com.br\/index.php\/wp-json\/wp\/v2\/posts"}],"about":[{"href":"https:\/\/pinews.com.br\/index.php\/wp-json\/wp\/v2\/types\/post"}],"author":[{"embeddable":true,"href":"https:\/\/pinews.com.br\/index.php\/wp-json\/wp\/v2\/users\/4"}],"replies":[{"embeddable":true,"href":"https:\/\/pinews.com.br\/index.php\/wp-json\/wp\/v2\/comments?post=58413"}],"version-history":[{"count":2,"href":"https:\/\/pinews.com.br\/index.php\/wp-json\/wp\/v2\/posts\/58413\/revisions"}],"predecessor-version":[{"id":58416,"href":"https:\/\/pinews.com.br\/index.php\/wp-json\/wp\/v2\/posts\/58413\/revisions\/58416"}],"wp:featuredmedia":[{"embeddable":true,"href":"https:\/\/pinews.com.br\/index.php\/wp-json\/wp\/v2\/media\/58414"}],"wp:attachment":[{"href":"https:\/\/pinews.com.br\/index.php\/wp-json\/wp\/v2\/media?parent=58413"}],"wp:term":[{"taxonomy":"category","embeddable":true,"href":"https:\/\/pinews.com.br\/index.php\/wp-json\/wp\/v2\/categories?post=58413"},{"taxonomy":"post_tag","embeddable":true,"href":"https:\/\/pinews.com.br\/index.php\/wp-json\/wp\/v2\/tags?post=58413"}],"curies":[{"name":"wp","href":"https:\/\/api.w.org\/{rel}","templated":true}]}}