{"id":58695,"date":"2024-06-20T18:15:44","date_gmt":"2024-06-20T21:15:44","guid":{"rendered":"https:\/\/pinews.com.br\/?p=58695"},"modified":"2024-06-20T18:15:45","modified_gmt":"2024-06-20T21:15:45","slug":"homem-invade-onibus-para-tentar-matar-ex-mulher-a-facadas-no-piaui","status":"publish","type":"post","link":"https:\/\/pinews.com.br\/index.php\/2024\/06\/20\/homem-invade-onibus-para-tentar-matar-ex-mulher-a-facadas-no-piaui\/","title":{"rendered":"Homem invade \u00f4nibus para tentar matar ex-mulher a facadas no Piau\u00ed"},"content":{"rendered":"\n<p>Um homem foi preso ap\u00f3s invadir um \u00f4nibus coletivo para tentar matar a ex-mulher, os nomes n\u00e3o foram divulgados. O caso ocorreu no in\u00edcio da tarde desta quinta-feira (20), na Avenida Jo\u00e3o XXIII, zona Leste de Teresina e o homem foi detido na avenida Presidente Kennedy ainda dentro do ve\u00edculo.<\/p>\n\n\n\n<p>De acordo com a Pol\u00edcia Militar, ele j\u00e1 teria uma medida protetiva e entrou no \u00f4nibus sem que ela percebesse. Ao chegar perto, apontou a faca para ela, momento em que foi contido pela popula\u00e7\u00e3o que acionou a pol\u00edcia.&nbsp;<\/p>\n\n\n\n<p>A tentativa de feminic\u00eddio ocorreu porque ele n\u00e3o aceitava o fim do relacionamento. Ainda segundo a pol\u00edcia, a v\u00edtima relatou que ele j\u00e1 a segue alguns dias, tenta extorquir e amea\u00e7a de morte caso n\u00e3o volte.&nbsp;<\/p>\n\n\n\n<p>&#8220;Ela j\u00e1 saiu de casa para morar com a filha, com medo do que pode acontecer com ela&#8221;, informou o soldado Rog\u00e9rio do 5\u00ba BPM, que fez a pris\u00e3o do suspeito.<\/p>\n\n\n\n<p>Ele foi preso e encaminhado \u00e0 Central de Flagrantes.\u00a0<\/p>\n\n\n\n<p><strong>Fonte: Graciane Ara\u00fajo e Caroline Oliveira\/ Cidade Verde <\/strong><\/p>\n","protected":false},"excerpt":{"rendered":"<p>Um homem foi preso ap\u00f3s invadir um \u00f4nibus coletivo para tentar matar a ex-mulher, os nomes n\u00e3o foram divulgados. O caso ocorreu no in\u00edcio da tarde desta quinta-feira (20), na Avenida Jo\u00e3o XXIII, zona Leste de Teresina e o homem foi detido na avenida Presidente Kennedy ainda dentro do ve\u00edculo. De acordo com a Pol\u00edcia [&hellip;]<\/p>\n","protected":false},"author":4,"featured_media":58696,"comment_status":"open","ping_status":"open","sticky":false,"template":"","format":"standard","meta":{"beyondwords_generate_audio":"","beyondwords_project_id":"","beyondwords_podcast_id":"","beyondwords_hash":"","beyondwords_error_message":"","beyondwords_disabled":"","publish_post_to_speechkit":"","speechkit_generate_audio":"","speechkit_project_id":"","speechkit_podcast_id":"","speechkit_hash":"","speechkit_error_message":"","speechkit_disabled":"","speechkit_access_key":"","speechkit_error":"","speechkit_info":"","speechkit_response":"","speechkit_retries":"","_speechkit_link":"","_speechkit_text":""},"categories":[51,78,81],"tags":[5974,479,84,154,85,301,350,52,475],"jetpack_featured_media_url":"https:\/\/pinews.com.br\/wp-content\/uploads\/2024\/06\/3982a088eebd60d4d36742356b0d4baa.jpg","_links":{"self":[{"href":"https:\/\/pinews.com.br\/index.php\/wp-json\/wp\/v2\/posts\/58695"}],"collection":[{"href":"https:\/\/pinews.com.br\/index.php\/wp-json\/wp\/v2\/posts"}],"about":[{"href":"https:\/\/pinews.com.br\/index.php\/wp-json\/wp\/v2\/types\/post"}],"author":[{"embeddable":true,"href":"https:\/\/pinews.com.br\/index.php\/wp-json\/wp\/v2\/users\/4"}],"replies":[{"embeddable":true,"href":"https:\/\/pinews.com.br\/index.php\/wp-json\/wp\/v2\/comments?post=58695"}],"version-history":[{"count":1,"href":"https:\/\/pinews.com.br\/index.php\/wp-json\/wp\/v2\/posts\/58695\/revisions"}],"predecessor-version":[{"id":58697,"href":"https:\/\/pinews.com.br\/index.php\/wp-json\/wp\/v2\/posts\/58695\/revisions\/58697"}],"wp:featuredmedia":[{"embeddable":true,"href":"https:\/\/pinews.com.br\/index.php\/wp-json\/wp\/v2\/media\/58696"}],"wp:attachment":[{"href":"https:\/\/pinews.com.br\/index.php\/wp-json\/wp\/v2\/media?parent=58695"}],"wp:term":[{"taxonomy":"category","embeddable":true,"href":"https:\/\/pinews.com.br\/index.php\/wp-json\/wp\/v2\/categories?post=58695"},{"taxonomy":"post_tag","embeddable":true,"href":"https:\/\/pinews.com.br\/index.php\/wp-json\/wp\/v2\/tags?post=58695"}],"curies":[{"name":"wp","href":"https:\/\/api.w.org\/{rel}","templated":true}]}}