{"id":58710,"date":"2024-06-21T13:06:20","date_gmt":"2024-06-21T16:06:20","guid":{"rendered":"https:\/\/pinews.com.br\/?p=58710"},"modified":"2024-06-21T13:06:23","modified_gmt":"2024-06-21T16:06:23","slug":"homem-e-preso-por-dever-mais-de-r-41-mil-em-pensao-alimenticia-no-piaui","status":"publish","type":"post","link":"https:\/\/pinews.com.br\/index.php\/2024\/06\/21\/homem-e-preso-por-dever-mais-de-r-41-mil-em-pensao-alimenticia-no-piaui\/","title":{"rendered":"\u200bHomem \u00e9 preso por dever mais de R$ 41 mil em pens\u00e3o aliment\u00edcia no Piau\u00ed"},"content":{"rendered":"\n<p>A Pol\u00edcia Civil do Piau\u00ed cumpriu nesta quinta-feira (20), um mandado de pris\u00e3o contra um homem por d\u00edvida de pens\u00e3o aliment\u00edcia no valor de R$ 41.748,20, em Parna\u00edba, litoral do Piau\u00ed.<\/p>\n\n\n\n<p>A pris\u00e3o foi realizada pelas Delegacias Especializadas no Atendimento \u00e0 Mulher e aos Grupos Vulner\u00e1veis de Parna\u00edba, por meio de um mandado expedido pela 3\u00aa Vara C\u00edvel de Parna\u00edba.<\/p>\n\n\n\n<p>O artigo 528 do C\u00f3digo de Processo Civil prev\u00ea pris\u00e3o de um a tr\u00eas meses de pris\u00e3o em caso de n\u00e3o pagamento de pens\u00e3o aliment\u00edcia. Segundo a lei, a pris\u00e3o pode ocorrer ap\u00f3s um m\u00eas de inadimpl\u00eancia sem justificativa e sem comprova\u00e7\u00e3o que \u2018gere a impossibilidade absoluta de pagar\u2019 o valor.<\/p>\n\n\n\n<p>A pris\u00e3o tem car\u00e1ter coercitivo. Ao final do per\u00edodo preso, o indiv\u00edduo, que na maioria das vezes \u00e9 o pai, continua tendo que pagar a quantia que devia anteriormente \u00e0 pris\u00e3o al\u00e9m dos d\u00e9bitos mensais que se acumularam no per\u00edodo em que esteve preso.<\/p>\n\n\n\n<p><strong>Fonte: Portal Lupa 1<\/strong><\/p>\n","protected":false},"excerpt":{"rendered":"<p>A Pol\u00edcia Civil do Piau\u00ed cumpriu nesta quinta-feira (20), um mandado de pris\u00e3o contra um homem por d\u00edvida de pens\u00e3o aliment\u00edcia no valor de R$ 41.748,20, em Parna\u00edba, litoral do Piau\u00ed. A pris\u00e3o foi realizada pelas Delegacias Especializadas no Atendimento \u00e0 Mulher e aos Grupos Vulner\u00e1veis de Parna\u00edba, por meio de um mandado expedido pela [&hellip;]<\/p>\n","protected":false},"author":4,"featured_media":58711,"comment_status":"open","ping_status":"open","sticky":false,"template":"","format":"standard","meta":{"beyondwords_generate_audio":"","beyondwords_project_id":"","beyondwords_podcast_id":"","beyondwords_hash":"","beyondwords_error_message":"","beyondwords_disabled":"","publish_post_to_speechkit":"","speechkit_generate_audio":"","speechkit_project_id":"","speechkit_podcast_id":"","speechkit_hash":"","speechkit_error_message":"","speechkit_disabled":"","speechkit_access_key":"","speechkit_error":"","speechkit_info":"","speechkit_response":"","speechkit_retries":"","_speechkit_link":"","_speechkit_text":""},"categories":[51,78],"tags":[1102,9645,44,12246,72,46,84,76,109,1772,52,59,79],"jetpack_featured_media_url":"https:\/\/pinews.com.br\/wp-content\/uploads\/2024\/06\/6defe73f8784f5fd86d1cf831b5982b9-1preso-1024x858-1.jpg","_links":{"self":[{"href":"https:\/\/pinews.com.br\/index.php\/wp-json\/wp\/v2\/posts\/58710"}],"collection":[{"href":"https:\/\/pinews.com.br\/index.php\/wp-json\/wp\/v2\/posts"}],"about":[{"href":"https:\/\/pinews.com.br\/index.php\/wp-json\/wp\/v2\/types\/post"}],"author":[{"embeddable":true,"href":"https:\/\/pinews.com.br\/index.php\/wp-json\/wp\/v2\/users\/4"}],"replies":[{"embeddable":true,"href":"https:\/\/pinews.com.br\/index.php\/wp-json\/wp\/v2\/comments?post=58710"}],"version-history":[{"count":1,"href":"https:\/\/pinews.com.br\/index.php\/wp-json\/wp\/v2\/posts\/58710\/revisions"}],"predecessor-version":[{"id":58712,"href":"https:\/\/pinews.com.br\/index.php\/wp-json\/wp\/v2\/posts\/58710\/revisions\/58712"}],"wp:featuredmedia":[{"embeddable":true,"href":"https:\/\/pinews.com.br\/index.php\/wp-json\/wp\/v2\/media\/58711"}],"wp:attachment":[{"href":"https:\/\/pinews.com.br\/index.php\/wp-json\/wp\/v2\/media?parent=58710"}],"wp:term":[{"taxonomy":"category","embeddable":true,"href":"https:\/\/pinews.com.br\/index.php\/wp-json\/wp\/v2\/categories?post=58710"},{"taxonomy":"post_tag","embeddable":true,"href":"https:\/\/pinews.com.br\/index.php\/wp-json\/wp\/v2\/tags?post=58710"}],"curies":[{"name":"wp","href":"https:\/\/api.w.org\/{rel}","templated":true}]}}