{"id":58822,"date":"2024-06-27T15:15:42","date_gmt":"2024-06-27T18:15:42","guid":{"rendered":"https:\/\/pinews.com.br\/?p=58822"},"modified":"2024-06-27T15:15:44","modified_gmt":"2024-06-27T18:15:44","slug":"padre-marcos-pi-sediara-o-xi-encontro-regional-de-direito-eleitoral","status":"publish","type":"post","link":"https:\/\/pinews.com.br\/index.php\/2024\/06\/27\/padre-marcos-pi-sediara-o-xi-encontro-regional-de-direito-eleitoral\/","title":{"rendered":"Padre Marcos-PI sediar\u00e1 o XI Encontro Regional de Direito Eleitoral"},"content":{"rendered":"\n<p>No dia 05 de julho, a cidade de Padre Marcos, no Piau\u00ed, ser\u00e1 palco do&nbsp;<em><strong>XI Encontro Regional de Direito Eleitoral<\/strong><\/em>, uma oportunidade \u00fanica para advogados, academicos de direito e pr\u00e9-candidatos da regi\u00e3o atualizarem seus conhecimentos sobre o direito eleitoral.<\/p>\n\n\n\n<p>O evento, organizado pela\u00a0<em><strong>Associa\u00e7\u00e3o Piauiense da Advocacia (APAC)<\/strong><\/em>, reafirma o compromisso da entidade com a democratiza\u00e7\u00e3o do conhecimento jur\u00eddico, trazendo eventos de grande porte para o interior do estado.<\/p>\n\n\n\n<figure class=\"wp-block-image size-full\"><img decoding=\"async\" loading=\"lazy\" width=\"528\" height=\"640\" src=\"https:\/\/pinews.com.br\/wp-content\/uploads\/2024\/06\/WhatsApp-Image-2024-06-26-at-13.39.19-1-1.jpeg\" alt=\"\" class=\"wp-image-58824\" srcset=\"https:\/\/pinews.com.br\/wp-content\/uploads\/2024\/06\/WhatsApp-Image-2024-06-26-at-13.39.19-1-1.jpeg 528w, https:\/\/pinews.com.br\/wp-content\/uploads\/2024\/06\/WhatsApp-Image-2024-06-26-at-13.39.19-1-1-248x300.jpeg 248w\" sizes=\"(max-width: 528px) 100vw, 528px\" \/><figcaption class=\"wp-element-caption\">Apoiadores do evento<\/figcaption><\/figure>\n\n\n\n<figure class=\"wp-block-table\"><table><tbody><tr><td><a href=\"https:\/\/i0.wp.com\/blogger.googleusercontent.com\/img\/b\/R29vZ2xl\/AVvXsEiblh9XGa2-cgsIwhg8OMNYi4hBGJ5w4JHJu09QM18aA1TyCObkL4LBKNF8CGxhA6vgt0pLlrOh8NDY3fxxcUaZlZWzFqvXdlyqpjSLMuIZ0yKhlwvz9MX2hsDFoNyTXVqHe3DG_FOwAAG2yrRQaxqcPFMC_s4QgjM9JxR_EJ9BGsdR_oT9olMqncKL4ywO\/s1280\/WhatsApp%20Image%202024-06-26%20at%2013.39.19%20(1).jpeg?ssl=1\" target=\"_blank\" rel=\"noreferrer noopener\"><\/a><\/td><\/tr><tr><td><\/td><\/tr><\/tbody><\/table><\/figure>\n\n\n\n<p>A APAC se destaca por sua dedica\u00e7\u00e3o em prestigiar advogados de todas as regi\u00f5es do Piau\u00ed, proporcionando acesso a palestras e debates relevantes sobre o direito eleitoral e \u00e9 uma oportunidade para promo\u00e7\u00e3o do conhecimento e networking entre os advogados&nbsp;. O encontro acontecer\u00e1 na C\u00e2mara Municipal de Padre Marcos, pontualmente \u00e0s 14h, na Rua Anfr\u00edsio Macedo, no centro da cidade.<\/p>\n\n\n\n<h4>Presen\u00e7a de Palestrantes Renomados<\/h4>\n\n\n\n<p>O XI Encontro Regional contar\u00e1 com a presen\u00e7a de advogados renomados da \u00e1rea de Direito Eleitoral. Entre os palestrantes confirmados est\u00e3o:<\/p>\n\n\n\n<ul>\n<li>Dr. Sigifroi Moreno \u2013&nbsp;Advogado Eleitoralista, ex-presidente da OAB-PI<\/li>\n\n\n\n<li>Dra. Andr\u00e9ia Ara\u00fajo \u2013&nbsp;Advogado Eleitoralista<\/li>\n\n\n\n<li>Dr. Raimundo J\u00fanior&nbsp;\u2013&nbsp;Advogado Eleitoralista<\/li>\n\n\n\n<li>Dr. Valdilio Falc\u00e3o&nbsp;\u2013&nbsp;Advogado Eleitoralista<\/li>\n\n\n\n<li>Dra. \u00cdvilla Ara\u00fajo&nbsp;\u2013&nbsp;Advogado Eleitoralista<\/li>\n\n\n\n<li>Dr. Raimundo Vieira&nbsp;\u2013&nbsp;Advogado Eleitoralista<\/li>\n<\/ul>\n\n\n\n<p>Os temas abordados ser\u00e3o atuais e essenciais para o desempenho das atividades dos advogados e politicos envolvidos nas elei\u00e7\u00f5es municipais de 2024. O evento promete ser uma excelente oportunidade para troca de experi\u00eancias\u00a0e atualiza\u00e7\u00e3o profissional, contribuindo significativamente para a prepara\u00e7\u00e3o dos advogados da regi\u00e3o.<\/p>\n\n\n\n<figure class=\"wp-block-image\"><a href=\"https:\/\/i0.wp.com\/blogger.googleusercontent.com\/img\/b\/R29vZ2xl\/AVvXsEho8kmQygIHDqEvFHzUrY2nlz9xHU3ZHawucGBlQpJDdnJg-_YU_M_12iMeY29Yz1e5JUY04tjrp_mPTdgSQu_seFOcBcYEri9ThavHJpDYJFIdGbedytIjUIUuCPuWVUQpGDlqKuihiXXvtpzvylJWy2VPZDfl7hmcqMPUCH3wdNyKz3L6eHJKTE9w_YmB\/s1280\/WhatsApp%20Image%202024-06-26%20at%2013.39.18.jpeg?ssl=1\" target=\"_blank\" rel=\"noreferrer noopener\"><img decoding=\"async\" src=\"https:\/\/i0.wp.com\/blogger.googleusercontent.com\/img\/b\/R29vZ2xl\/AVvXsEho8kmQygIHDqEvFHzUrY2nlz9xHU3ZHawucGBlQpJDdnJg-_YU_M_12iMeY29Yz1e5JUY04tjrp_mPTdgSQu_seFOcBcYEri9ThavHJpDYJFIdGbedytIjUIUuCPuWVUQpGDlqKuihiXXvtpzvylJWy2VPZDfl7hmcqMPUCH3wdNyKz3L6eHJKTE9w_YmB\/w528-h640\/WhatsApp%20Image%202024-06-26%20at%2013.39.18.jpeg?resize=528%2C640&amp;ssl=1\" alt=\"\"\/><\/a><\/figure>\n\n\n\n<figure class=\"wp-block-image\"><a href=\"https:\/\/i0.wp.com\/blogger.googleusercontent.com\/img\/b\/R29vZ2xl\/AVvXsEhZTmIvOndXe8fEP1FfrHxVSKH9PjrSLavJNZ1EdylYC7DflljjntWnI-n3kabDQyDBNMyoqvMfxjeh2p1MIMUAOQqQHdRDJibbkThYqWqT3sSDv92xTW-P5il2RvG7pwXXC3IA-yK2TucWMVUbT2bjbGrWInMxBRi-62GL6x-vCwavld_Sc3GwRQv1f56t\/s1280\/WhatsApp%20Image%202024-06-26%20at%2013.39.19.jpeg?ssl=1\" target=\"_blank\" rel=\"noreferrer noopener\"><img decoding=\"async\" src=\"https:\/\/i0.wp.com\/blogger.googleusercontent.com\/img\/b\/R29vZ2xl\/AVvXsEhZTmIvOndXe8fEP1FfrHxVSKH9PjrSLavJNZ1EdylYC7DflljjntWnI-n3kabDQyDBNMyoqvMfxjeh2p1MIMUAOQqQHdRDJibbkThYqWqT3sSDv92xTW-P5il2RvG7pwXXC3IA-yK2TucWMVUbT2bjbGrWInMxBRi-62GL6x-vCwavld_Sc3GwRQv1f56t\/w528-h640\/WhatsApp%20Image%202024-06-26%20at%2013.39.19.jpeg?resize=528%2C640&amp;ssl=1\" alt=\"\"\/><\/a><\/figure>\n\n\n\n<p><strong>Fonte: Not\u00edcias Piau\u00ed\/Com informa\u00e7\u00f5es da APAC<\/strong><\/p>\n","protected":false},"excerpt":{"rendered":"<p>No dia 05 de julho, a cidade de Padre Marcos, no Piau\u00ed, ser\u00e1 palco do&nbsp;XI Encontro Regional de Direito Eleitoral, uma oportunidade \u00fanica para advogados, academicos de direito e pr\u00e9-candidatos da regi\u00e3o atualizarem seus conhecimentos sobre o direito eleitoral. O evento, organizado pela\u00a0Associa\u00e7\u00e3o Piauiense da Advocacia (APAC), reafirma o compromisso da entidade com a democratiza\u00e7\u00e3o [&hellip;]<\/p>\n","protected":false},"author":1,"featured_media":58825,"comment_status":"open","ping_status":"open","sticky":false,"template":"","format":"standard","meta":{"beyondwords_generate_audio":"","beyondwords_project_id":"","beyondwords_podcast_id":"","beyondwords_hash":"","beyondwords_error_message":"","beyondwords_disabled":"","publish_post_to_speechkit":"","speechkit_generate_audio":"","speechkit_project_id":"","speechkit_podcast_id":"","speechkit_hash":"","speechkit_error_message":"","speechkit_disabled":"","speechkit_access_key":"","speechkit_error":"","speechkit_info":"","speechkit_response":"","speechkit_retries":"","_speechkit_link":"","_speechkit_text":""},"categories":[124,1479,51],"tags":[44,1390,5723,6508,12259,5778,5516,12260,12261],"jetpack_featured_media_url":"https:\/\/pinews.com.br\/wp-content\/uploads\/2024\/06\/capa-evento-juridico.jpg","_links":{"self":[{"href":"https:\/\/pinews.com.br\/index.php\/wp-json\/wp\/v2\/posts\/58822"}],"collection":[{"href":"https:\/\/pinews.com.br\/index.php\/wp-json\/wp\/v2\/posts"}],"about":[{"href":"https:\/\/pinews.com.br\/index.php\/wp-json\/wp\/v2\/types\/post"}],"author":[{"embeddable":true,"href":"https:\/\/pinews.com.br\/index.php\/wp-json\/wp\/v2\/users\/1"}],"replies":[{"embeddable":true,"href":"https:\/\/pinews.com.br\/index.php\/wp-json\/wp\/v2\/comments?post=58822"}],"version-history":[{"count":1,"href":"https:\/\/pinews.com.br\/index.php\/wp-json\/wp\/v2\/posts\/58822\/revisions"}],"predecessor-version":[{"id":58826,"href":"https:\/\/pinews.com.br\/index.php\/wp-json\/wp\/v2\/posts\/58822\/revisions\/58826"}],"wp:featuredmedia":[{"embeddable":true,"href":"https:\/\/pinews.com.br\/index.php\/wp-json\/wp\/v2\/media\/58825"}],"wp:attachment":[{"href":"https:\/\/pinews.com.br\/index.php\/wp-json\/wp\/v2\/media?parent=58822"}],"wp:term":[{"taxonomy":"category","embeddable":true,"href":"https:\/\/pinews.com.br\/index.php\/wp-json\/wp\/v2\/categories?post=58822"},{"taxonomy":"post_tag","embeddable":true,"href":"https:\/\/pinews.com.br\/index.php\/wp-json\/wp\/v2\/tags?post=58822"}],"curies":[{"name":"wp","href":"https:\/\/api.w.org\/{rel}","templated":true}]}}