{"id":58855,"date":"2024-06-29T18:35:44","date_gmt":"2024-06-29T21:35:44","guid":{"rendered":"https:\/\/pinews.com.br\/?p=58855"},"modified":"2024-06-29T18:35:46","modified_gmt":"2024-06-29T21:35:46","slug":"caminhoneiro-de-31-anos-dorme-ao-volante-e-morre-em-acidente-na-br-222-no-norte-do-piaui","status":"publish","type":"post","link":"https:\/\/pinews.com.br\/index.php\/2024\/06\/29\/caminhoneiro-de-31-anos-dorme-ao-volante-e-morre-em-acidente-na-br-222-no-norte-do-piaui\/","title":{"rendered":"Caminhoneiro de 31 anos dorme ao volante e morre em acidente na BR-222 no Norte do Piau\u00ed"},"content":{"rendered":"\n<p>Um caminhoneiro de 31 anos, que n\u00e3o teve o nome revelado, morreu ap\u00f3s dormir ao volante e sair da pista na madrugada deste s\u00e1bado (29), na BR-222, em S\u00e3o Jo\u00e3o da Fronteira, a 226 km de Teresina.<\/p>\n\n\n\n<p>Segundo informa\u00e7\u00f5es da Pol\u00edcia Rodovi\u00e1ria Federal (PRF), o condutor sofreu les\u00f5es graves, foi socorrido e encaminhado ao Hospital Regional de Piripiri, mas n\u00e3o resistiu aos ferimentos e faleceu na unidade de sa\u00fade.<\/p>\n\n\n\n<p>A PRF acrescentou que o condutor provavelmente estava sem o cinto de seguran\u00e7a no momento do acidente, pois ele foi lan\u00e7ado para fora do ve\u00edculo.<\/p>\n\n\n\n<p>A din\u00e2mica do acidente ainda est\u00e1 sendo analisada pelas equipes da Pol\u00edcia Rodovi\u00e1ria Federal.<\/p>\n\n\n\n<figure class=\"wp-block-image\"><img decoding=\"async\" src=\"https:\/\/cidadeverde.com\/assets\/uploads\/noticias\/39d1d50ea95ab42720b11f936c9a4f59.jpg\" alt=\"\"\/><figcaption class=\"wp-element-caption\">Fotos: PRF-PI<\/figcaption><\/figure>\n\n\n\n<p><strong>Fonte: Rebeca Lima \/ Cidade Verde<\/strong><\/p>\n","protected":false},"excerpt":{"rendered":"<p>Um caminhoneiro de 31 anos, que n\u00e3o teve o nome revelado, morreu ap\u00f3s dormir ao volante e sair da pista na madrugada deste s\u00e1bado (29), na BR-222, em S\u00e3o Jo\u00e3o da Fronteira, a 226 km de Teresina. Segundo informa\u00e7\u00f5es da Pol\u00edcia Rodovi\u00e1ria Federal (PRF), o condutor sofreu les\u00f5es graves, foi socorrido e encaminhado ao Hospital [&hellip;]<\/p>\n","protected":false},"author":4,"featured_media":58856,"comment_status":"open","ping_status":"open","sticky":false,"template":"","format":"standard","meta":{"beyondwords_generate_audio":"1","beyondwords_project_id":"","beyondwords_podcast_id":"","beyondwords_hash":"","beyondwords_error_message":"","beyondwords_disabled":"","publish_post_to_speechkit":"","speechkit_generate_audio":"","speechkit_project_id":"","speechkit_podcast_id":"","speechkit_hash":"","speechkit_error_message":"","speechkit_disabled":"","speechkit_access_key":"","speechkit_error":"","speechkit_info":"","speechkit_response":"","speechkit_retries":"","_speechkit_link":"","_speechkit_text":""},"categories":[51],"tags":[5763,176,82,132,6345,225,44,7176,46,119,91,337,52,7177],"jetpack_featured_media_url":"https:\/\/pinews.com.br\/wp-content\/uploads\/2024\/06\/dace086239f750e8c35f6ade2d5a61f8.jpg","_links":{"self":[{"href":"https:\/\/pinews.com.br\/index.php\/wp-json\/wp\/v2\/posts\/58855"}],"collection":[{"href":"https:\/\/pinews.com.br\/index.php\/wp-json\/wp\/v2\/posts"}],"about":[{"href":"https:\/\/pinews.com.br\/index.php\/wp-json\/wp\/v2\/types\/post"}],"author":[{"embeddable":true,"href":"https:\/\/pinews.com.br\/index.php\/wp-json\/wp\/v2\/users\/4"}],"replies":[{"embeddable":true,"href":"https:\/\/pinews.com.br\/index.php\/wp-json\/wp\/v2\/comments?post=58855"}],"version-history":[{"count":1,"href":"https:\/\/pinews.com.br\/index.php\/wp-json\/wp\/v2\/posts\/58855\/revisions"}],"predecessor-version":[{"id":58857,"href":"https:\/\/pinews.com.br\/index.php\/wp-json\/wp\/v2\/posts\/58855\/revisions\/58857"}],"wp:featuredmedia":[{"embeddable":true,"href":"https:\/\/pinews.com.br\/index.php\/wp-json\/wp\/v2\/media\/58856"}],"wp:attachment":[{"href":"https:\/\/pinews.com.br\/index.php\/wp-json\/wp\/v2\/media?parent=58855"}],"wp:term":[{"taxonomy":"category","embeddable":true,"href":"https:\/\/pinews.com.br\/index.php\/wp-json\/wp\/v2\/categories?post=58855"},{"taxonomy":"post_tag","embeddable":true,"href":"https:\/\/pinews.com.br\/index.php\/wp-json\/wp\/v2\/tags?post=58855"}],"curies":[{"name":"wp","href":"https:\/\/api.w.org\/{rel}","templated":true}]}}