{"id":58862,"date":"2024-06-30T20:08:13","date_gmt":"2024-06-30T23:08:13","guid":{"rendered":"https:\/\/pinews.com.br\/?p=58862"},"modified":"2024-06-30T20:08:15","modified_gmt":"2024-06-30T23:08:15","slug":"homem-e-preso-por-estupro-de-vulneravel-no-piaui-filhas-de-8-e-10-anos-sao-as-vitimas","status":"publish","type":"post","link":"https:\/\/pinews.com.br\/index.php\/2024\/06\/30\/homem-e-preso-por-estupro-de-vulneravel-no-piaui-filhas-de-8-e-10-anos-sao-as-vitimas\/","title":{"rendered":"Homem \u00e9 preso por estupro de vulner\u00e1vel no Piau\u00ed; filhas de 8 e 10 anos s\u00e3o as v\u00edtimas"},"content":{"rendered":"\n<p>Um homem de 33 anos foi preso em Morro Cabe\u00e7a no Tempo suspeito de estupro de vulner\u00e1vel. As v\u00edtimas s\u00e3o suas pr\u00f3prias filhas, de 08 e 10 anos. A cidade fica no extremo sul do Piau\u00ed, a cerca de 800 quil\u00f4metros de Teresina.&nbsp;<\/p>\n\n\n\n<p>A pris\u00e3o aconteceu no \u00faltimo s\u00e1bado (29). As menores foram submetidas a exames que comprovaram a viol\u00eancia.&nbsp;<\/p>\n\n\n\n<p>Seguindo o delegado de Pol\u00edcia Civil, C\u00e9sar Ribeiro Gomes, devido \u00e0 gravidade do crime o homem vai aguardar o fim das investiga\u00e7\u00f5es preso.&nbsp;<\/p>\n\n\n\n<blockquote class=\"wp-block-quote\">\n<p>\u201cDiante da gravidade dos fatos, representamos pela pris\u00e3o preventiva, que contou com parecer favor\u00e1vel do Minist\u00e9rio P\u00fablico e foi concedida pelo Magistrado plantonista. O sujeito vai responder recluso pelo crime de estupro de vulner\u00e1vel, que tem pena fixada entre oito e 15 anos, sem perder de perspectiva a possibilidade de incidir majorantes\u201d, explicou<\/p>\n<\/blockquote>\n\n\n\n<p>O preso ser\u00e1 encaminhado ao pres\u00eddio em Bom Jesus, e a investiga\u00e7\u00e3o ficar\u00e1 a cargo da Delegacia de Curimat\u00e1.<\/p>\n\n\n\n<p><strong>Fonte: Cidade Verde <\/strong><\/p>\n","protected":false},"excerpt":{"rendered":"<p>Um homem de 33 anos foi preso em Morro Cabe\u00e7a no Tempo suspeito de estupro de vulner\u00e1vel. As v\u00edtimas s\u00e3o suas pr\u00f3prias filhas, de 08 e 10 anos. A cidade fica no extremo sul do Piau\u00ed, a cerca de 800 quil\u00f4metros de Teresina.&nbsp; A pris\u00e3o aconteceu no \u00faltimo s\u00e1bado (29). As menores foram submetidas a [&hellip;]<\/p>\n","protected":false},"author":4,"featured_media":58863,"comment_status":"open","ping_status":"open","sticky":false,"template":"","format":"standard","meta":{"beyondwords_generate_audio":"","beyondwords_project_id":"","beyondwords_podcast_id":"","beyondwords_hash":"","beyondwords_error_message":"","beyondwords_disabled":"","publish_post_to_speechkit":"","speechkit_generate_audio":"","speechkit_project_id":"","speechkit_podcast_id":"","speechkit_hash":"","speechkit_error_message":"","speechkit_disabled":"","speechkit_access_key":"","speechkit_error":"","speechkit_info":"","speechkit_response":"","speechkit_retries":"","_speechkit_link":"","_speechkit_text":""},"categories":[51,78],"tags":[408,82,44,72,236,1618,84,52,59,79,362,240,241],"jetpack_featured_media_url":"https:\/\/pinews.com.br\/wp-content\/uploads\/2024\/06\/1667d391d18f5eba327db490a1ddff73-1.jpg","_links":{"self":[{"href":"https:\/\/pinews.com.br\/index.php\/wp-json\/wp\/v2\/posts\/58862"}],"collection":[{"href":"https:\/\/pinews.com.br\/index.php\/wp-json\/wp\/v2\/posts"}],"about":[{"href":"https:\/\/pinews.com.br\/index.php\/wp-json\/wp\/v2\/types\/post"}],"author":[{"embeddable":true,"href":"https:\/\/pinews.com.br\/index.php\/wp-json\/wp\/v2\/users\/4"}],"replies":[{"embeddable":true,"href":"https:\/\/pinews.com.br\/index.php\/wp-json\/wp\/v2\/comments?post=58862"}],"version-history":[{"count":1,"href":"https:\/\/pinews.com.br\/index.php\/wp-json\/wp\/v2\/posts\/58862\/revisions"}],"predecessor-version":[{"id":58864,"href":"https:\/\/pinews.com.br\/index.php\/wp-json\/wp\/v2\/posts\/58862\/revisions\/58864"}],"wp:featuredmedia":[{"embeddable":true,"href":"https:\/\/pinews.com.br\/index.php\/wp-json\/wp\/v2\/media\/58863"}],"wp:attachment":[{"href":"https:\/\/pinews.com.br\/index.php\/wp-json\/wp\/v2\/media?parent=58862"}],"wp:term":[{"taxonomy":"category","embeddable":true,"href":"https:\/\/pinews.com.br\/index.php\/wp-json\/wp\/v2\/categories?post=58862"},{"taxonomy":"post_tag","embeddable":true,"href":"https:\/\/pinews.com.br\/index.php\/wp-json\/wp\/v2\/tags?post=58862"}],"curies":[{"name":"wp","href":"https:\/\/api.w.org\/{rel}","templated":true}]}}